{"id":58167,"date":"2020-12-03T11:18:57","date_gmt":"2020-12-03T17:18:57","guid":{"rendered":"http:\/\/globalnewsmexico.com\/sitio\/?p=58167"},"modified":"2020-12-03T11:19:20","modified_gmt":"2020-12-03T17:19:20","slug":"se-mantiene-activa-la-alerta-gris-por-frente-frio-en-veracruz","status":"publish","type":"post","link":"https:\/\/globalnewsmexico.com\/sitio\/se-mantiene-activa-la-alerta-gris-por-frente-frio-en-veracruz\/","title":{"rendered":"Se mantiene activa la Alerta Gris por frente fr\u00edo en Veracruz"},"content":{"rendered":"\n<p>Debido al ingreso del frente fr\u00edo n\u00famero 18, la Secretar\u00eda de Protecci\u00f3n Civil de Veracruz actualiz\u00f3 la Alerta Gris en la entidad; se espera evento de &#8216;norte&#8217; y lluvia.<\/p>\n\n\n\n<p>De acuerdo con la dependencia, el evento de &#8216;norte&#8217; traer\u00e1 rachas de 70 a 85 kil\u00f3metros por hora en la costa, lluvia fuerte -especialmente en la zona sur- y ambiente fr\u00edo a fresco con probabilidad de heladas en zonas serranas.<\/p>\n\n\n\n<p>El frente fr\u00edo 18 se ubica esta ma\u00f1ana desde un centro de baja presi\u00f3n en la costa de Louisiana hasta cerca de la costa central del estado de Veracruz. La amplia masa polar cubre el norte y noreste de M\u00e9xico.<\/p>\n\n\n\n<p>Se prev\u00e9 que el sistema frontal recorra el resto del litoral veracruzano durante este d\u00eda, con tendencia a estacionarse en el suroeste del Golfo de M\u00e9xico entre viernes y s\u00e1bado, para reiniciar su movimiento al sureste del domingo.<\/p>\n\n\n\n<p>Se esperan lluvias aisladas de 5 a 20 mm de manera general, con m\u00e1ximos de 50 a 70 mm en la regi\u00f3n sur, sin descartar superiores a este rango de forma m\u00e1s dispersa. Viento del Norte y Noroeste, con rachas m\u00e1ximas de 70 a 85 kil\u00f3metros por hora en costas del centro-sur y de 55 a 70 kil\u00f3metros por hora en la costa norte durante este jueves, menores el viernes-s\u00e1bado, intensific\u00e1ndose de nuevo el domingo.<\/p>\n","protected":false},"excerpt":{"rendered":"<p>Debido al ingreso del frente fr\u00edo n\u00famero 18, la Secretar\u00eda de Protecci\u00f3n Civil de Veracruz actualiz\u00f3 la Alerta Gris en la entidad; se espera evento de &#8216;norte&#8217; y lluvia. De acuerdo con la dependencia, el evento de &#8216;norte&#8217; traer\u00e1 rachas de 70 a 85 kil\u00f3metros por hora en la costa, lluvia fuerte -especialmente en la<a class=\"read-more\" href=\"https:\/\/globalnewsmexico.com\/sitio\/se-mantiene-activa-la-alerta-gris-por-frente-frio-en-veracruz\/\">Leer m\u00e1s<\/a><\/p>\n","protected":false},"author":5,"featured_media":20476,"comment_status":"closed","ping_status":"open","sticky":false,"template":"","format":"standard","meta":{"spay_email":"","footnotes":""},"categories":[37,8,50,52],"tags":[],"jetpack_featured_media_url":"https:\/\/i0.wp.com\/globalnewsmexico.com\/sitio\/wp-content\/uploads\/2019\/01\/Entran-vientos-del-norte-a-veracruz.jpg?fit=1040%2C641&ssl=1","jetpack_sharing_enabled":true,"jetpack_shortlink":"https:\/\/wp.me\/p9yqPL-f8b","jetpack_likes_enabled":true,"_links":{"self":[{"href":"https:\/\/globalnewsmexico.com\/sitio\/wp-json\/wp\/v2\/posts\/58167"}],"collection":[{"href":"https:\/\/globalnewsmexico.com\/sitio\/wp-json\/wp\/v2\/posts"}],"about":[{"href":"https:\/\/globalnewsmexico.com\/sitio\/wp-json\/wp\/v2\/types\/post"}],"author":[{"embeddable":true,"href":"https:\/\/globalnewsmexico.com\/sitio\/wp-json\/wp\/v2\/users\/5"}],"replies":[{"embeddable":true,"href":"https:\/\/globalnewsmexico.com\/sitio\/wp-json\/wp\/v2\/comments?post=58167"}],"version-history":[{"count":0,"href":"https:\/\/globalnewsmexico.com\/sitio\/wp-json\/wp\/v2\/posts\/58167\/revisions"}],"wp:featuredmedia":[{"embeddable":true,"href":"https:\/\/globalnewsmexico.com\/sitio\/wp-json\/wp\/v2\/media\/20476"}],"wp:attachment":[{"href":"https:\/\/globalnewsmexico.com\/sitio\/wp-json\/wp\/v2\/media?parent=58167"}],"wp:term":[{"taxonomy":"category","embeddable":true,"href":"https:\/\/globalnewsmexico.com\/sitio\/wp-json\/wp\/v2\/categories?post=58167"},{"taxonomy":"post_tag","embeddable":true,"href":"https:\/\/globalnewsmexico.com\/sitio\/wp-json\/wp\/v2\/tags?post=58167"}],"curies":[{"name":"wp","href":"https:\/\/api.w.org\/{rel}","templated":true}]}}