{"id":58174,"date":"2020-12-03T12:33:05","date_gmt":"2020-12-03T18:33:05","guid":{"rendered":"http:\/\/globalnewsmexico.com\/sitio\/?p=58174"},"modified":"2020-12-03T12:33:12","modified_gmt":"2020-12-03T18:33:12","slug":"solo-llegaran-249-mil-vacunas-de-pfizer-en-diciembre-sre","status":"publish","type":"post","link":"https:\/\/globalnewsmexico.com\/sitio\/solo-llegaran-249-mil-vacunas-de-pfizer-en-diciembre-sre\/","title":{"rendered":"Solo llegar\u00e1n 249 mil vacunas de Pfizer en diciembre: SRE"},"content":{"rendered":"\n<p>Martha Delgado, subsecretaria para Asuntos Multilaterales y Derechos Humanos de la Secretar\u00eda de Relaciones Exteriores (SRE),\u00a0se\u00f1al\u00f3 que en diciembre solo llegar\u00e1n a M\u00e9xico 249 mil 600 dosis de la vacuna para el Covid-19 de Pfizer.<\/p>\n\n\n\n<p>La subsecretaria\u00a0explic\u00f3 que m\u00e9dicos y personal de salud ser\u00e1n los primeros en recibirla, como ocurrir\u00e1 en otros pa\u00edses.<\/p>\n\n\n\n<p>\u00abEs una forma de empezar a ensayar el manejo y toda la habilidad que debe desarrollar el sector salud\u00bb, dijo Delgado en entrevista con Ciro G\u00f3mez Leyva en Radio F\u00f3rmula.<\/p>\n\n\n\n<p>Adem\u00e1s, reconoci\u00f3 que las de\u00a0Cansino y AstraZeneca comenzar\u00e1n a entregarse hasta el pr\u00f3ximo a\u00f1o.<\/p>\n\n\n\n<h3 class=\"wp-block-heading\">34 millones de vacunas de Pfizer<\/h3>\n\n\n\n<p>El Gobierno de\u00a0M\u00e9xico firm\u00f3 con la farmac\u00e9utica Pfizer el convenio de fabricaci\u00f3n y suministro de la vacuna contra Covid-19, mediante el cual se adquirir\u00e1n 34 millones 400 mil dosis; sin embargo, a\u00fan se desconoce la fecha exacta en la que llegar\u00e1n las vacunas al pa\u00eds.<\/p>\n\n\n\n<p>Por su parte,\u00a0la Secretar\u00eda de Salud asegur\u00f3 que la aplicaci\u00f3n de la vacuna ser\u00e1 gratuita, aunque a\u00fan no se define el plan de aplicaci\u00f3n, y llam\u00f3 a la poblaci\u00f3n a no dejarse enga\u00f1ar por alguien que ofrezca las dosis.<\/p>\n\n\n\n<p>Fuente: El Universal<\/p>\n","protected":false},"excerpt":{"rendered":"<p>Martha Delgado, subsecretaria para Asuntos Multilaterales y Derechos Humanos de la Secretar\u00eda de Relaciones Exteriores (SRE),\u00a0se\u00f1al\u00f3 que en diciembre solo llegar\u00e1n a M\u00e9xico 249 mil 600 dosis de la vacuna para el Covid-19 de Pfizer. La subsecretaria\u00a0explic\u00f3 que m\u00e9dicos y personal de salud ser\u00e1n los primeros en recibirla, como ocurrir\u00e1 en otros pa\u00edses. \u00abEs una<a class=\"read-more\" href=\"https:\/\/globalnewsmexico.com\/sitio\/solo-llegaran-249-mil-vacunas-de-pfizer-en-diciembre-sre\/\">Leer m\u00e1s<\/a><\/p>\n","protected":false},"author":5,"featured_media":58175,"comment_status":"closed","ping_status":"open","sticky":false,"template":"","format":"standard","meta":{"spay_email":"","footnotes":""},"categories":[37,8,39,52],"tags":[],"jetpack_featured_media_url":"https:\/\/i0.wp.com\/globalnewsmexico.com\/sitio\/wp-content\/uploads\/2020\/12\/vacre-621x354-1.jpg?fit=1024%2C584&ssl=1","jetpack_sharing_enabled":true,"jetpack_shortlink":"https:\/\/wp.me\/p9yqPL-f8i","jetpack_likes_enabled":true,"_links":{"self":[{"href":"https:\/\/globalnewsmexico.com\/sitio\/wp-json\/wp\/v2\/posts\/58174"}],"collection":[{"href":"https:\/\/globalnewsmexico.com\/sitio\/wp-json\/wp\/v2\/posts"}],"about":[{"href":"https:\/\/globalnewsmexico.com\/sitio\/wp-json\/wp\/v2\/types\/post"}],"author":[{"embeddable":true,"href":"https:\/\/globalnewsmexico.com\/sitio\/wp-json\/wp\/v2\/users\/5"}],"replies":[{"embeddable":true,"href":"https:\/\/globalnewsmexico.com\/sitio\/wp-json\/wp\/v2\/comments?post=58174"}],"version-history":[{"count":0,"href":"https:\/\/globalnewsmexico.com\/sitio\/wp-json\/wp\/v2\/posts\/58174\/revisions"}],"wp:featuredmedia":[{"embeddable":true,"href":"https:\/\/globalnewsmexico.com\/sitio\/wp-json\/wp\/v2\/media\/58175"}],"wp:attachment":[{"href":"https:\/\/globalnewsmexico.com\/sitio\/wp-json\/wp\/v2\/media?parent=58174"}],"wp:term":[{"taxonomy":"category","embeddable":true,"href":"https:\/\/globalnewsmexico.com\/sitio\/wp-json\/wp\/v2\/categories?post=58174"},{"taxonomy":"post_tag","embeddable":true,"href":"https:\/\/globalnewsmexico.com\/sitio\/wp-json\/wp\/v2\/tags?post=58174"}],"curies":[{"name":"wp","href":"https:\/\/api.w.org\/{rel}","templated":true}]}}