{"id":58184,"date":"2020-12-03T13:39:10","date_gmt":"2020-12-03T19:39:10","guid":{"rendered":"http:\/\/globalnewsmexico.com\/sitio\/?p=58184"},"modified":"2020-12-03T13:39:14","modified_gmt":"2020-12-03T19:39:14","slug":"hallan-a-valeria-la-joven-desaparecida-en-emiliano-zapata-veracruz","status":"publish","type":"post","link":"https:\/\/globalnewsmexico.com\/sitio\/hallan-a-valeria-la-joven-desaparecida-en-emiliano-zapata-veracruz\/","title":{"rendered":"Hallan a Valeria, la joven desaparecida en Emiliano Zapata, Veracruz"},"content":{"rendered":"\n<p>La adolescente Valeria Cos\u00edo Herrera, quien fue reportada como desaparecida en el municipio de Emiliano Zapata, Veracruz, ya fue localizada, confirm\u00f3 su t\u00edo, el cantante Juan Solo, en redes sociales.<\/p>\n\n\n\n<p>A nivel nacional, la desaparici\u00f3n de Valeria fue difundida en redes sociales, volvi\u00e9ndose tendencia.<\/p>\n\n\n\n<p>La Comisi\u00f3n Estatal de B\u00fasqueda confirm\u00f3 la localizaci\u00f3n de la joven Valeria Cos\u00edo Herrera en redes sociales, sin especificar detalles al respecto.<\/p>\n\n\n\n<figure class=\"wp-block-embed-twitter aligncenter wp-block-embed is-type-rich is-provider-twitter\"><div class=\"wp-block-embed__wrapper\">\n<blockquote class=\"twitter-tweet\" data-width=\"550\" data-dnt=\"true\"><p lang=\"es\" dir=\"ltr\">Apareci\u00f3 Valeria \u2764\ufe0f No s\u00e9 nada m\u00e1s pero estoy chillando. Gracias por todo su apoyo.<\/p>&mdash; JuanSolo (@soyjuansolo) <a href=\"https:\/\/twitter.com\/soyjuansolo\/status\/1334554579975991298?ref_src=twsrc%5Etfw\">December 3, 2020<\/a><\/blockquote><script async src=\"https:\/\/platform.twitter.com\/widgets.js\" charset=\"utf-8\"><\/script>\n<\/div><\/figure>\n\n\n\n<figure class=\"wp-block-embed-twitter aligncenter wp-block-embed is-type-rich is-provider-twitter\"><div class=\"wp-block-embed__wrapper\">\n<blockquote class=\"twitter-tweet\" data-width=\"550\" data-dnt=\"true\"><p lang=\"es\" dir=\"ltr\">Agradecemos su colaboraci\u00f3n por la localizaci\u00f3n de la adolescente Valeria Cos\u00edo Herrera. <a href=\"https:\/\/t.co\/fm6UQBLSdh\">pic.twitter.com\/fm6UQBLSdh<\/a><\/p>&mdash; Comisi\u00f3n Estatal de B\u00fasqueda Veracruz (@cebver) <a href=\"https:\/\/twitter.com\/cebver\/status\/1334569998346379266?ref_src=twsrc%5Etfw\">December 3, 2020<\/a><\/blockquote><script async src=\"https:\/\/platform.twitter.com\/widgets.js\" charset=\"utf-8\"><\/script>\n<\/div><\/figure>\n\n\n\n<p>Fuente: Xeu Noticias<\/p>\n","protected":false},"excerpt":{"rendered":"<p>La adolescente Valeria Cos\u00edo Herrera, quien fue reportada como desaparecida en el municipio de Emiliano Zapata, Veracruz, ya fue localizada, confirm\u00f3 su t\u00edo, el cantante Juan Solo, en redes sociales. A nivel nacional, la desaparici\u00f3n de Valeria fue difundida en redes sociales, volvi\u00e9ndose tendencia. La Comisi\u00f3n Estatal de B\u00fasqueda confirm\u00f3 la localizaci\u00f3n de la joven<a class=\"read-more\" href=\"https:\/\/globalnewsmexico.com\/sitio\/hallan-a-valeria-la-joven-desaparecida-en-emiliano-zapata-veracruz\/\">Leer m\u00e1s<\/a><\/p>\n","protected":false},"author":5,"featured_media":58185,"comment_status":"closed","ping_status":"open","sticky":false,"template":"","format":"standard","meta":{"spay_email":"","footnotes":""},"categories":[37,8,50,52],"tags":[],"jetpack_featured_media_url":"https:\/\/i1.wp.com\/globalnewsmexico.com\/sitio\/wp-content\/uploads\/2020\/12\/1133429.jpg?fit=1024%2C674&ssl=1","jetpack_sharing_enabled":true,"jetpack_shortlink":"https:\/\/wp.me\/p9yqPL-f8s","jetpack_likes_enabled":true,"_links":{"self":[{"href":"https:\/\/globalnewsmexico.com\/sitio\/wp-json\/wp\/v2\/posts\/58184"}],"collection":[{"href":"https:\/\/globalnewsmexico.com\/sitio\/wp-json\/wp\/v2\/posts"}],"about":[{"href":"https:\/\/globalnewsmexico.com\/sitio\/wp-json\/wp\/v2\/types\/post"}],"author":[{"embeddable":true,"href":"https:\/\/globalnewsmexico.com\/sitio\/wp-json\/wp\/v2\/users\/5"}],"replies":[{"embeddable":true,"href":"https:\/\/globalnewsmexico.com\/sitio\/wp-json\/wp\/v2\/comments?post=58184"}],"version-history":[{"count":0,"href":"https:\/\/globalnewsmexico.com\/sitio\/wp-json\/wp\/v2\/posts\/58184\/revisions"}],"wp:featuredmedia":[{"embeddable":true,"href":"https:\/\/globalnewsmexico.com\/sitio\/wp-json\/wp\/v2\/media\/58185"}],"wp:attachment":[{"href":"https:\/\/globalnewsmexico.com\/sitio\/wp-json\/wp\/v2\/media?parent=58184"}],"wp:term":[{"taxonomy":"category","embeddable":true,"href":"https:\/\/globalnewsmexico.com\/sitio\/wp-json\/wp\/v2\/categories?post=58184"},{"taxonomy":"post_tag","embeddable":true,"href":"https:\/\/globalnewsmexico.com\/sitio\/wp-json\/wp\/v2\/tags?post=58184"}],"curies":[{"name":"wp","href":"https:\/\/api.w.org\/{rel}","templated":true}]}}