{"id":58198,"date":"2020-12-03T18:17:08","date_gmt":"2020-12-04T00:17:08","guid":{"rendered":"http:\/\/globalnewsmexico.com\/sitio\/?p=58198"},"modified":"2020-12-03T18:17:13","modified_gmt":"2020-12-04T00:17:13","slug":"trabajadores-de-la-salud-seran-capacitados-en-perspectiva-de-genero","status":"publish","type":"post","link":"https:\/\/globalnewsmexico.com\/sitio\/trabajadores-de-la-salud-seran-capacitados-en-perspectiva-de-genero\/","title":{"rendered":"Trabajadores de la salud ser\u00e1n capacitados en perspectiva de g\u00e9nero"},"content":{"rendered":"\n<p>El Pleno de la LXV Legislatura aprob\u00f3 la adici\u00f3n de un tercer p\u00e1rrafo al art\u00edculo 83 de la Ley de Salud del Estado, resultado de la iniciativa presentada el 31 de julio de 2019 por la diputada Brianda Kristel Hern\u00e1ndez Topete, con lo que se establece que en la capacitaci\u00f3n y actualizaci\u00f3n de recursos humanos para la salud, deber\u00e1 incorporarse la perspectiva de g\u00e9nero, a efecto de garantizar servicios que promuevan un trato igualitario y con enfoque diferenciado en la poblaci\u00f3n usuaria.<\/p>\n\n\n\n<p>Este dictamen, presentado al Pleno por las Comisiones Permanentes Unidas de Salud y Asistencia y para la Igualdad de G\u00e9nero, fue aprobado con 43 votos, sin abstenciones o votos en contra.<\/p>\n\n\n\n<p>Con esta reforma se busca erradicar, en los servicios de salud, los estereotipos de g\u00e9nero por parte del personal y que afecta, principalmente, a las mujeres en el momento de ser atendidas, expone el dictamen.<\/p>\n\n\n\n<p>Refiere que es imprescindible capacitar y actualizar al personal m\u00e9dico y administrativo en la perspectiva de g\u00e9nero, lo cual implicar\u00e1 que quienes son encargados de la salud de las personas sean sensibles a las distintas realidades tanto de mujeres y hombres; lo cual implicar\u00e1 un cambio de mentalidad y actitud respecto a la atenci\u00f3n brindada, que existan actitudes diferentes en el trato, que sean erradicados los citados estereotipos y consecuentemente la violencia de cualquier \u00edndole.<\/p>\n\n\n\n<p>Indica que, trabajar con perspectiva de g\u00e9nero permitir\u00e1 eliminar ideas que son injustas y que derivan de creencias arraigadas originadas en una cultura patriarcal; por lo cual resulta necesario que en el proceso de salud, enfermedad y atenci\u00f3n, sean otorgadas con un trato diferenciado, en el que se atienda al paciente de acuerdo a sus necesidades espec\u00edficas.<\/p>\n\n\n\n<p>Durante el debate del dictamen, la legisladora Brianda Kristel Hern\u00e1ndez Topete, autora de la propuesta, agradeci\u00f3 a las comisiones dictaminadoras y, agreg\u00f3, que esta modificaci\u00f3n permitir\u00e1 un cambio de mentalidad y actitud respecto a la atenci\u00f3n brindada y generar\u00e1 actitudes diferentes en el trato, que deber\u00e1 reflejarse en la eliminaci\u00f3n de estereotipos de g\u00e9nero y consecuentemente la violencia de cualquier \u00edndole.<\/p>\n\n\n\n<p>Puntualiz\u00f3 que, el trabajar con perspectiva de g\u00e9nero permite eliminar ideas injustas y que son producto de creencias arraigadas originadas en la cultura patriarcal, por lo que \u2013consider\u00f3- necesario que en el proceso de salud, enfermedad y atenci\u00f3n sea brindado bajo un trato diferenciado, en el que se atienda al paciente de acuerdo a sus necesidades espec\u00edficas.<\/p>\n\n\n\n<p>Tras su aprobaci\u00f3n por parte del Pleno, la presidenta de la Mesa Directiva, diputada Adriana Paola Linares Capitanachi, instruy\u00f3 remitir el decreto correspondiente al Ejecutivo estatal para su publicaci\u00f3n en la Gaceta Oficial del Estado y por ende entre en vigor.<\/p>\n","protected":false},"excerpt":{"rendered":"<p>El Pleno de la LXV Legislatura aprob\u00f3 la adici\u00f3n de un tercer p\u00e1rrafo al art\u00edculo 83 de la Ley de Salud del Estado, resultado de la iniciativa presentada el 31 de julio de 2019 por la diputada Brianda Kristel Hern\u00e1ndez Topete, con lo que se establece que en la capacitaci\u00f3n y actualizaci\u00f3n de recursos humanos<a class=\"read-more\" href=\"https:\/\/globalnewsmexico.com\/sitio\/trabajadores-de-la-salud-seran-capacitados-en-perspectiva-de-genero\/\">Leer m\u00e1s<\/a><\/p>\n","protected":false},"author":5,"featured_media":58205,"comment_status":"closed","ping_status":"open","sticky":false,"template":"","format":"standard","meta":{"spay_email":"","footnotes":""},"categories":[37,8,50,52],"tags":[],"jetpack_featured_media_url":"https:\/\/i1.wp.com\/globalnewsmexico.com\/sitio\/wp-content\/uploads\/2020\/12\/5.jpg?fit=1024%2C683&ssl=1","jetpack_sharing_enabled":true,"jetpack_shortlink":"https:\/\/wp.me\/p9yqPL-f8G","jetpack_likes_enabled":true,"_links":{"self":[{"href":"https:\/\/globalnewsmexico.com\/sitio\/wp-json\/wp\/v2\/posts\/58198"}],"collection":[{"href":"https:\/\/globalnewsmexico.com\/sitio\/wp-json\/wp\/v2\/posts"}],"about":[{"href":"https:\/\/globalnewsmexico.com\/sitio\/wp-json\/wp\/v2\/types\/post"}],"author":[{"embeddable":true,"href":"https:\/\/globalnewsmexico.com\/sitio\/wp-json\/wp\/v2\/users\/5"}],"replies":[{"embeddable":true,"href":"https:\/\/globalnewsmexico.com\/sitio\/wp-json\/wp\/v2\/comments?post=58198"}],"version-history":[{"count":0,"href":"https:\/\/globalnewsmexico.com\/sitio\/wp-json\/wp\/v2\/posts\/58198\/revisions"}],"wp:featuredmedia":[{"embeddable":true,"href":"https:\/\/globalnewsmexico.com\/sitio\/wp-json\/wp\/v2\/media\/58205"}],"wp:attachment":[{"href":"https:\/\/globalnewsmexico.com\/sitio\/wp-json\/wp\/v2\/media?parent=58198"}],"wp:term":[{"taxonomy":"category","embeddable":true,"href":"https:\/\/globalnewsmexico.com\/sitio\/wp-json\/wp\/v2\/categories?post=58198"},{"taxonomy":"post_tag","embeddable":true,"href":"https:\/\/globalnewsmexico.com\/sitio\/wp-json\/wp\/v2\/tags?post=58198"}],"curies":[{"name":"wp","href":"https:\/\/api.w.org\/{rel}","templated":true}]}}