{"id":58263,"date":"2020-12-04T16:05:18","date_gmt":"2020-12-04T22:05:18","guid":{"rendered":"http:\/\/globalnewsmexico.com\/sitio\/?p=58263"},"modified":"2020-12-04T16:05:23","modified_gmt":"2020-12-04T22:05:23","slug":"rescata-ssp-a-menor-privada-de-la-libertad-en-xalapa","status":"publish","type":"post","link":"https:\/\/globalnewsmexico.com\/sitio\/rescata-ssp-a-menor-privada-de-la-libertad-en-xalapa\/","title":{"rendered":"Rescata SSP a menor privada de la libertad en Xalapa"},"content":{"rendered":"\n<p>Tras el reporte sobre una menor privada de su libertad en Xalapa, la Secretar\u00eda de Seguridad P\u00fablica (SSP) implement\u00f3 un operativo de b\u00fasqueda, resultando en su rescate, as\u00ed como la detenci\u00f3n de Jos\u00e9 Manuel &#8216;N&#8217; y Salatiel &#8216;N&#8217;, quienes se encuentran en el cuartel Heriberto Jara Corona para las diligencias correspondientes.<\/p>\n\n\n\n<p>La menor fue llevada a un conocido autohotel de esta ciudad, por parte de sus presuntos captores, a bordo del taxi Nissan tipo Tsuru, n\u00famero econ\u00f3mico XL-5963.<\/p>\n\n\n\n<p>Al ser descubiertos por personal del establecimiento, intentaron escapar con direcci\u00f3n a la avenida L\u00e1zaro C\u00e1rdenas; sin embargo, fueron aprehendidos en la avenida \u00c1vila Camacho.<\/p>\n\n\n\n<div class=\"wp-block-image\"><figure class=\"aligncenter size-large\"><img loading=\"lazy\" decoding=\"async\" width=\"800\" height=\"683\" src=\"https:\/\/i1.wp.com\/globalnewsmexico.com\/sitio\/wp-content\/uploads\/2020\/12\/2-2.jpg?resize=800%2C683&#038;ssl=1\" alt=\"\" class=\"wp-image-58265\" srcset=\"https:\/\/i1.wp.com\/globalnewsmexico.com\/sitio\/wp-content\/uploads\/2020\/12\/2-2.jpg?w=899&amp;ssl=1 899w, https:\/\/i1.wp.com\/globalnewsmexico.com\/sitio\/wp-content\/uploads\/2020\/12\/2-2.jpg?resize=300%2C256&amp;ssl=1 300w, https:\/\/i1.wp.com\/globalnewsmexico.com\/sitio\/wp-content\/uploads\/2020\/12\/2-2.jpg?resize=768%2C656&amp;ssl=1 768w, https:\/\/i1.wp.com\/globalnewsmexico.com\/sitio\/wp-content\/uploads\/2020\/12\/2-2.jpg?resize=577%2C493&amp;ssl=1 577w, https:\/\/i1.wp.com\/globalnewsmexico.com\/sitio\/wp-content\/uploads\/2020\/12\/2-2.jpg?resize=298%2C255&amp;ssl=1 298w, https:\/\/i1.wp.com\/globalnewsmexico.com\/sitio\/wp-content\/uploads\/2020\/12\/2-2.jpg?resize=410%2C350&amp;ssl=1 410w\" sizes=\"(max-width: 800px) 100vw, 800px\" data-recalc-dims=\"1\" \/><\/figure><\/div>\n","protected":false},"excerpt":{"rendered":"<p>Tras el reporte sobre una menor privada de su libertad en Xalapa, la Secretar\u00eda de Seguridad P\u00fablica (SSP) implement\u00f3 un operativo de b\u00fasqueda, resultando en su rescate, as\u00ed como la detenci\u00f3n de Jos\u00e9 Manuel &#8216;N&#8217; y Salatiel &#8216;N&#8217;, quienes se encuentran en el cuartel Heriberto Jara Corona para las diligencias correspondientes. La menor fue llevada<a class=\"read-more\" href=\"https:\/\/globalnewsmexico.com\/sitio\/rescata-ssp-a-menor-privada-de-la-libertad-en-xalapa\/\">Leer m\u00e1s<\/a><\/p>\n","protected":false},"author":5,"featured_media":58264,"comment_status":"closed","ping_status":"open","sticky":false,"template":"","format":"standard","meta":{"spay_email":"","footnotes":""},"categories":[37,8,50,52],"tags":[],"jetpack_featured_media_url":"https:\/\/i2.wp.com\/globalnewsmexico.com\/sitio\/wp-content\/uploads\/2020\/12\/129721371_3845495808826790_3946971120547499427_n.jpg?fit=1024%2C768&ssl=1","jetpack_sharing_enabled":true,"jetpack_shortlink":"https:\/\/wp.me\/p9yqPL-f9J","jetpack_likes_enabled":true,"_links":{"self":[{"href":"https:\/\/globalnewsmexico.com\/sitio\/wp-json\/wp\/v2\/posts\/58263"}],"collection":[{"href":"https:\/\/globalnewsmexico.com\/sitio\/wp-json\/wp\/v2\/posts"}],"about":[{"href":"https:\/\/globalnewsmexico.com\/sitio\/wp-json\/wp\/v2\/types\/post"}],"author":[{"embeddable":true,"href":"https:\/\/globalnewsmexico.com\/sitio\/wp-json\/wp\/v2\/users\/5"}],"replies":[{"embeddable":true,"href":"https:\/\/globalnewsmexico.com\/sitio\/wp-json\/wp\/v2\/comments?post=58263"}],"version-history":[{"count":0,"href":"https:\/\/globalnewsmexico.com\/sitio\/wp-json\/wp\/v2\/posts\/58263\/revisions"}],"wp:featuredmedia":[{"embeddable":true,"href":"https:\/\/globalnewsmexico.com\/sitio\/wp-json\/wp\/v2\/media\/58264"}],"wp:attachment":[{"href":"https:\/\/globalnewsmexico.com\/sitio\/wp-json\/wp\/v2\/media?parent=58263"}],"wp:term":[{"taxonomy":"category","embeddable":true,"href":"https:\/\/globalnewsmexico.com\/sitio\/wp-json\/wp\/v2\/categories?post=58263"},{"taxonomy":"post_tag","embeddable":true,"href":"https:\/\/globalnewsmexico.com\/sitio\/wp-json\/wp\/v2\/tags?post=58263"}],"curies":[{"name":"wp","href":"https:\/\/api.w.org\/{rel}","templated":true}]}}