{"id":58270,"date":"2020-12-04T21:21:38","date_gmt":"2020-12-05T03:21:38","guid":{"rendered":"http:\/\/globalnewsmexico.com\/sitio\/?p=58270"},"modified":"2020-12-04T21:21:44","modified_gmt":"2020-12-05T03:21:44","slug":"veracruz-avanza-a-semaforo-verde-10-estados-en-alerta-de-llegar-al-rojo","status":"publish","type":"post","link":"https:\/\/globalnewsmexico.com\/sitio\/veracruz-avanza-a-semaforo-verde-10-estados-en-alerta-de-llegar-al-rojo\/","title":{"rendered":"Veracruz avanza a sem\u00e1foro verde; 10 estados en alerta de llegar al rojo"},"content":{"rendered":"\n<p>La Secretar\u00eda de Salud federal inform\u00f3 los cambios en el\u00a0sem\u00e1foro epid\u00e9mico\u00a0para la pr\u00f3xima semana, donde 10 entidades est\u00e1n en alerta de llegar al nivel m\u00e1ximo de riesgo.<\/p>\n\n\n\n<p>Para la semana que va del\u00a07 al 13 de diciembre, dos estados estar\u00e1n en el color rojo: Baja California y Zacatecas.<\/p>\n\n\n\n<p>En color\u00a0amarillo\u00a0solamente ser\u00e1n tres entidades federativas: Colima, Oaxaca y Tlaxcala<\/p>\n\n\n\n<p>Quienes estar\u00e1n en\u00a0naranja\u00a0son:<\/p>\n\n\n\n<ul><li>Aguascalientes<\/li><li>Baja California Sur<\/li><li>CDMX<\/li><li>Chihuahua<\/li><li>Coahuila<\/li><li>Durango<\/li><li>Estado de M\u00e9xico<\/li><li>Guanajuato<\/li><li>Guerrero<\/li><li>Hidalgo<\/li><li>Jalisco<\/li><li>Michoac\u00e1n<\/li><li>Morelos<\/li><li>Nayarit<\/li><li>Nuevo Le\u00f3n<\/li><li>Puebla<\/li><li>Quer\u00e9taro<\/li><li>Quintana Roo<\/li><li>San Luis Potos\u00ed<\/li><li>Sinaloa<\/li><li>Sonora<\/li><li>Tamaulipas<\/li><li>Tabasco<\/li><li>Yucat\u00e1n<\/li><\/ul>\n\n\n\n<p>Sin embargo, de estos, 10 est\u00e1n en alerta\u00a0de llegar al nivel m\u00e1ximo de riego: Aguascalientes, CDMX, Coahuila, Durango, Estado de M\u00e9xico, Guanajuato, Hidalgo, Nuevo Le\u00f3n, Quer\u00e9taro y Sonora.<\/p>\n\n\n\n<div class=\"wp-block-image\"><figure class=\"aligncenter\"><img decoding=\"async\" src=\"https:\/\/i0.wp.com\/cdn2.excelsior.com.mx\/media\/styles\/imagen-embed-nota\/public\/inside-the-note\/pictures\/2020\/12\/04\/10_estados_en_alerta_de_llegar_el_rojo_2.png?w=800&#038;ssl=1\" alt=\"\" title=\"\" data-recalc-dims=\"1\"\/><\/figure><\/div>\n\n\n\n<p>En tanto,\u00a0Veracruz avanz\u00f3 al color verde\u00a0para unirse a Chiapas y Campeche.<\/p>\n\n\n\n<h3 class=\"wp-block-heading\">Gobernador pide no confiarse<\/h3>\n\n\n\n<p>El gobernador de Veracruz, Cuitl\u00e1huac Garc\u00eda Jim\u00e9nez, pidi\u00f3 a la poblaci\u00f3n no confiarse ante el paso a sem\u00e1foro verde, pues \u00abestamos apenas en el l\u00edmite para haber entrado al verde (0-8) y a un punto de volver al amarillo (9-15)\u00bb.<\/p>\n\n\n\n<figure class=\"wp-block-embed-twitter aligncenter wp-block-embed is-type-rich is-provider-twitter\"><div class=\"wp-block-embed__wrapper\">\n<blockquote class=\"twitter-tweet\" data-width=\"550\" data-dnt=\"true\"><p lang=\"es\" dir=\"ltr\">La autoridad sanitaria del pa\u00eds anunci\u00f3 que Veracruz pasa al verde del sem\u00e1foro epidemiol\u00f3gico el lunes 7 de diciembre. Se logr\u00f3 que el puntaje bajara a 8; es decir, estamos apenas en el l\u00edmite para haber entrado al verde (0-8) y a un punto de volver al amarillo (9-15)&#8230;<br><br>1\/2 <a href=\"https:\/\/t.co\/sk3S5MAulm\">pic.twitter.com\/sk3S5MAulm<\/a><\/p>&mdash; Cuitl\u00e1huac Garc\u00eda (@CuitlahuacGJ) <a href=\"https:\/\/twitter.com\/CuitlahuacGJ\/status\/1335045669728342016?ref_src=twsrc%5Etfw\">December 5, 2020<\/a><\/blockquote><script async src=\"https:\/\/platform.twitter.com\/widgets.js\" charset=\"utf-8\"><\/script>\n<\/div><\/figure>\n\n\n\n<figure class=\"wp-block-embed-twitter aligncenter wp-block-embed is-type-rich is-provider-twitter\"><div class=\"wp-block-embed__wrapper\">\n<blockquote class=\"twitter-tweet\" data-width=\"550\" data-dnt=\"true\"><p lang=\"es\" dir=\"ltr\">Es momento crucial de NO CONFIARNOS y vamos a cuidar entre todas y todos el sem\u00e1foro epidemiol\u00f3gico en verde, CUIDANDO NUESTRA SALUD. <br>El comit\u00e9 t\u00e9cnico de salud estatal dar\u00e1 a conocer las medidas de la campa\u00f1a: \u201cManteng\u00e1monos en verde, cuida tu salud\u201d <br><br>2\/2<\/p>&mdash; Cuitl\u00e1huac Garc\u00eda (@CuitlahuacGJ) <a href=\"https:\/\/twitter.com\/CuitlahuacGJ\/status\/1335046484140544001?ref_src=twsrc%5Etfw\">December 5, 2020<\/a><\/blockquote><script async src=\"https:\/\/platform.twitter.com\/widgets.js\" charset=\"utf-8\"><\/script>\n<\/div><\/figure>\n\n\n\n<p>Fuente: Exc\u00e9lsior<\/p>\n","protected":false},"excerpt":{"rendered":"<p>La Secretar\u00eda de Salud federal inform\u00f3 los cambios en el\u00a0sem\u00e1foro epid\u00e9mico\u00a0para la pr\u00f3xima semana, donde 10 entidades est\u00e1n en alerta de llegar al nivel m\u00e1ximo de riesgo. Para la semana que va del\u00a07 al 13 de diciembre, dos estados estar\u00e1n en el color rojo: Baja California y Zacatecas. En color\u00a0amarillo\u00a0solamente ser\u00e1n tres entidades federativas: Colima,<a class=\"read-more\" href=\"https:\/\/globalnewsmexico.com\/sitio\/veracruz-avanza-a-semaforo-verde-10-estados-en-alerta-de-llegar-al-rojo\/\">Leer m\u00e1s<\/a><\/p>\n","protected":false},"author":5,"featured_media":58271,"comment_status":"closed","ping_status":"open","sticky":false,"template":"","format":"standard","meta":{"spay_email":"","footnotes":""},"categories":[37,8,39,52],"tags":[],"jetpack_featured_media_url":"https:\/\/i0.wp.com\/globalnewsmexico.com\/sitio\/wp-content\/uploads\/2020\/12\/10_estados_en_alerta_de_llegar_el_rojo_3.png?fit=1024%2C745&ssl=1","jetpack_sharing_enabled":true,"jetpack_shortlink":"https:\/\/wp.me\/p9yqPL-f9Q","jetpack_likes_enabled":true,"_links":{"self":[{"href":"https:\/\/globalnewsmexico.com\/sitio\/wp-json\/wp\/v2\/posts\/58270"}],"collection":[{"href":"https:\/\/globalnewsmexico.com\/sitio\/wp-json\/wp\/v2\/posts"}],"about":[{"href":"https:\/\/globalnewsmexico.com\/sitio\/wp-json\/wp\/v2\/types\/post"}],"author":[{"embeddable":true,"href":"https:\/\/globalnewsmexico.com\/sitio\/wp-json\/wp\/v2\/users\/5"}],"replies":[{"embeddable":true,"href":"https:\/\/globalnewsmexico.com\/sitio\/wp-json\/wp\/v2\/comments?post=58270"}],"version-history":[{"count":0,"href":"https:\/\/globalnewsmexico.com\/sitio\/wp-json\/wp\/v2\/posts\/58270\/revisions"}],"wp:featuredmedia":[{"embeddable":true,"href":"https:\/\/globalnewsmexico.com\/sitio\/wp-json\/wp\/v2\/media\/58271"}],"wp:attachment":[{"href":"https:\/\/globalnewsmexico.com\/sitio\/wp-json\/wp\/v2\/media?parent=58270"}],"wp:term":[{"taxonomy":"category","embeddable":true,"href":"https:\/\/globalnewsmexico.com\/sitio\/wp-json\/wp\/v2\/categories?post=58270"},{"taxonomy":"post_tag","embeddable":true,"href":"https:\/\/globalnewsmexico.com\/sitio\/wp-json\/wp\/v2\/tags?post=58270"}],"curies":[{"name":"wp","href":"https:\/\/api.w.org\/{rel}","templated":true}]}}