{"id":58365,"date":"2020-12-07T17:02:44","date_gmt":"2020-12-07T23:02:44","guid":{"rendered":"http:\/\/globalnewsmexico.com\/sitio\/?p=58365"},"modified":"2020-12-07T17:02:49","modified_gmt":"2020-12-07T23:02:49","slug":"inician-trabajos-de-cercado-perimetral-en-parque-quinto-centenario","status":"publish","type":"post","link":"https:\/\/globalnewsmexico.com\/sitio\/inician-trabajos-de-cercado-perimetral-en-parque-quinto-centenario\/","title":{"rendered":"Inician trabajos de cercado perimetral en Parque Quinto Centenario"},"content":{"rendered":"\n<p>Como parte de los trabajos de la \u00faltima etapa de la obra de remodelaci\u00f3n y rescate del Parque Quinto Centenario, esta semana inici\u00f3 el proceso de cercado perimetral, con el objetivo de salvaguardar la integridad de las personas que har\u00e1n uso de este espacio una vez que sea abierto y proteger el patrimonio p\u00fablico municipal.<\/p>\n\n\n\n<p>Antonio Morales Salinas, director de obras p\u00fablicas del Ayuntamiento de C\u00f3rdoba, dijo que de igual forma permitir\u00e1 tener un mejor control en cuanto al ingreso de visitantes, tal y como lo exige el nuevo mecanismo de convivencia social a ra\u00edz de la emergencia sanitaria por Covid-19.<\/p>\n\n\n\n<p>\u201cEs importante recordar que los espacios p\u00fablicos son lugares libres para que cualquier persona pueda disfrutar, pero en esta nueva modalidad, tenemos que adaptarnos a lo que est\u00e1 surgiendo en el mundo entero, por esta raz\u00f3n con este cercado buscamos controlar su uso con el fin de evitar aglomeraciones\u201d, dijo.<\/p>\n\n\n\n<p>Explic\u00f3 que por el momento este espacio continua cerrado al p\u00fablico, sin embargo, exhort\u00f3 a la poblaci\u00f3n para que una vez que se pueda hacer uso de las instalaciones cuiden el mobiliario instalado para disfrute de las familias cordobesas.<\/p>\n\n\n\n<p>Detall\u00f3 que el cercado comprende 221 metros perimetrales y se integra a esta obra que cuenta con un ajedrez gigante, cuatro mesas de domin\u00f3, tres de pimp\u00f3n, un teatro al aire libre para promocionar actividades art\u00edsticas y culturales, adem\u00e1s de una cafeter\u00eda que se habilitar\u00e1 cuando la nueva convivencia social lo permita.<\/p>\n","protected":false},"excerpt":{"rendered":"<p>Como parte de los trabajos de la \u00faltima etapa de la obra de remodelaci\u00f3n y rescate del Parque Quinto Centenario, esta semana inici\u00f3 el proceso de cercado perimetral, con el objetivo de salvaguardar la integridad de las personas que har\u00e1n uso de este espacio una vez que sea abierto y proteger el patrimonio p\u00fablico municipal.<a class=\"read-more\" href=\"https:\/\/globalnewsmexico.com\/sitio\/inician-trabajos-de-cercado-perimetral-en-parque-quinto-centenario\/\">Leer m\u00e1s<\/a><\/p>\n","protected":false},"author":5,"featured_media":58366,"comment_status":"closed","ping_status":"open","sticky":false,"template":"","format":"standard","meta":{"spay_email":"","footnotes":""},"categories":[37,8,50,52],"tags":[],"jetpack_featured_media_url":"https:\/\/i0.wp.com\/globalnewsmexico.com\/sitio\/wp-content\/uploads\/2020\/12\/927eeb51-7713-4e04-aa05-57506315a1f0.jpg?fit=1024%2C682&ssl=1","jetpack_sharing_enabled":true,"jetpack_shortlink":"https:\/\/wp.me\/p9yqPL-fbn","jetpack_likes_enabled":true,"_links":{"self":[{"href":"https:\/\/globalnewsmexico.com\/sitio\/wp-json\/wp\/v2\/posts\/58365"}],"collection":[{"href":"https:\/\/globalnewsmexico.com\/sitio\/wp-json\/wp\/v2\/posts"}],"about":[{"href":"https:\/\/globalnewsmexico.com\/sitio\/wp-json\/wp\/v2\/types\/post"}],"author":[{"embeddable":true,"href":"https:\/\/globalnewsmexico.com\/sitio\/wp-json\/wp\/v2\/users\/5"}],"replies":[{"embeddable":true,"href":"https:\/\/globalnewsmexico.com\/sitio\/wp-json\/wp\/v2\/comments?post=58365"}],"version-history":[{"count":0,"href":"https:\/\/globalnewsmexico.com\/sitio\/wp-json\/wp\/v2\/posts\/58365\/revisions"}],"wp:featuredmedia":[{"embeddable":true,"href":"https:\/\/globalnewsmexico.com\/sitio\/wp-json\/wp\/v2\/media\/58366"}],"wp:attachment":[{"href":"https:\/\/globalnewsmexico.com\/sitio\/wp-json\/wp\/v2\/media?parent=58365"}],"wp:term":[{"taxonomy":"category","embeddable":true,"href":"https:\/\/globalnewsmexico.com\/sitio\/wp-json\/wp\/v2\/categories?post=58365"},{"taxonomy":"post_tag","embeddable":true,"href":"https:\/\/globalnewsmexico.com\/sitio\/wp-json\/wp\/v2\/tags?post=58365"}],"curies":[{"name":"wp","href":"https:\/\/api.w.org\/{rel}","templated":true}]}}