{"id":58381,"date":"2020-12-08T09:43:56","date_gmt":"2020-12-08T15:43:56","guid":{"rendered":"http:\/\/globalnewsmexico.com\/sitio\/?p=58381"},"modified":"2020-12-08T09:44:01","modified_gmt":"2020-12-08T15:44:01","slug":"amlo-esperara-su-turno-para-aplicarse-vacuna-contra-coronavirus","status":"publish","type":"post","link":"https:\/\/globalnewsmexico.com\/sitio\/amlo-esperara-su-turno-para-aplicarse-vacuna-contra-coronavirus\/","title":{"rendered":"AMLO esperar\u00e1 su turno para aplicarse vacuna contra coronavirus"},"content":{"rendered":"\n<p>El presidente Andr\u00e9s Manuel L\u00f3pez Obrador dio a conocer que \u00e9l esperar\u00e1 su turno para ser vacunado contra el Covid-19\u00a0en la etapa correspondiente\u00a0a su edad. Destac\u00f3 que el primer grupo que debe recibir el medicamento es el personal de salud, por lo que seguir\u00e1 el protocolo.<\/p>\n\n\n\n<p>La Pol\u00edtica Nacional de Vacunaci\u00f3n contra el coronavirus\u00a0establece siete grupos prioritarios de vacunaci\u00f3n, separando a la poblaci\u00f3n por edad y prioridad para recibir la inoculaci\u00f3n. De esta manera,\u00a0el jefe del Ejecutivo recibir\u00eda el medicamento hasta el cuarto periodo.<\/p>\n\n\n\n<p>\u201cYo voy a esperar a que me corresponda, a la cuarta etapa, como est\u00e1 programado. Primero son los que est\u00e1n atendiendo a los enfermos, que hay que protegerlos, han actuado como h\u00e9roes porque est\u00e1n arriesgando sus vidas para salvar vidas, eso es inobjetable: el que ellos sean los primeros\u201d, sostuvo.<\/p>\n\n\n\n<p>Record\u00f3 que el riesgo de contagio es mayor para los m\u00e9dicos y enfermeras, quienes a pesar de sus medidas de protecci\u00f3n est\u00e1n expuestos a contraer el virus. En el caso de los adultos mayores, el presidente record\u00f3 que su gobierno busca proteger a este sector debido a su vulnerabilidad.<\/p>\n\n\n\n<p>\u201cTenemos que cuidar a la gente mayor, est\u00e1 demostrado que son m\u00e1s vulnerables y si se agrega que hay enfermos cr\u00f3nicos, eso debe ser la prioridad. Coincido con\u00a0el equipo m\u00e9dico en que est\u00e9 en las prioridades para la aplicaci\u00f3n\u00a0de la vacuna\u201d, indic\u00f3.<\/p>\n\n\n\n<p>Fuente: Milenio<\/p>\n","protected":false},"excerpt":{"rendered":"<p>El presidente Andr\u00e9s Manuel L\u00f3pez Obrador dio a conocer que \u00e9l esperar\u00e1 su turno para ser vacunado contra el Covid-19\u00a0en la etapa correspondiente\u00a0a su edad. Destac\u00f3 que el primer grupo que debe recibir el medicamento es el personal de salud, por lo que seguir\u00e1 el protocolo. La Pol\u00edtica Nacional de Vacunaci\u00f3n contra el coronavirus\u00a0establece siete<a class=\"read-more\" href=\"https:\/\/globalnewsmexico.com\/sitio\/amlo-esperara-su-turno-para-aplicarse-vacuna-contra-coronavirus\/\">Leer m\u00e1s<\/a><\/p>\n","protected":false},"author":5,"featured_media":58382,"comment_status":"closed","ping_status":"open","sticky":false,"template":"","format":"standard","meta":{"spay_email":"","footnotes":""},"categories":[37,8,40,52],"tags":[],"jetpack_featured_media_url":"https:\/\/i1.wp.com\/globalnewsmexico.com\/sitio\/wp-content\/uploads\/2020\/12\/presidente-presentacion-politica-nacional-vacunacion_0_0_1200_747.jpg?fit=958%2C596&ssl=1","jetpack_sharing_enabled":true,"jetpack_shortlink":"https:\/\/wp.me\/p9yqPL-fbD","jetpack_likes_enabled":true,"_links":{"self":[{"href":"https:\/\/globalnewsmexico.com\/sitio\/wp-json\/wp\/v2\/posts\/58381"}],"collection":[{"href":"https:\/\/globalnewsmexico.com\/sitio\/wp-json\/wp\/v2\/posts"}],"about":[{"href":"https:\/\/globalnewsmexico.com\/sitio\/wp-json\/wp\/v2\/types\/post"}],"author":[{"embeddable":true,"href":"https:\/\/globalnewsmexico.com\/sitio\/wp-json\/wp\/v2\/users\/5"}],"replies":[{"embeddable":true,"href":"https:\/\/globalnewsmexico.com\/sitio\/wp-json\/wp\/v2\/comments?post=58381"}],"version-history":[{"count":0,"href":"https:\/\/globalnewsmexico.com\/sitio\/wp-json\/wp\/v2\/posts\/58381\/revisions"}],"wp:featuredmedia":[{"embeddable":true,"href":"https:\/\/globalnewsmexico.com\/sitio\/wp-json\/wp\/v2\/media\/58382"}],"wp:attachment":[{"href":"https:\/\/globalnewsmexico.com\/sitio\/wp-json\/wp\/v2\/media?parent=58381"}],"wp:term":[{"taxonomy":"category","embeddable":true,"href":"https:\/\/globalnewsmexico.com\/sitio\/wp-json\/wp\/v2\/categories?post=58381"},{"taxonomy":"post_tag","embeddable":true,"href":"https:\/\/globalnewsmexico.com\/sitio\/wp-json\/wp\/v2\/tags?post=58381"}],"curies":[{"name":"wp","href":"https:\/\/api.w.org\/{rel}","templated":true}]}}