{"id":58426,"date":"2020-12-08T18:44:50","date_gmt":"2020-12-09T00:44:50","guid":{"rendered":"http:\/\/globalnewsmexico.com\/sitio\/?p=58426"},"modified":"2020-12-08T18:44:54","modified_gmt":"2020-12-09T00:44:54","slug":"se-prepara-cordoba-para-atender-temporada-invernal","status":"publish","type":"post","link":"https:\/\/globalnewsmexico.com\/sitio\/se-prepara-cordoba-para-atender-temporada-invernal\/","title":{"rendered":"Se prepara C\u00f3rdoba para atender temporada invernal"},"content":{"rendered":"\n<p>Con el objetivo de coordinar las acciones preventivas para la temporada invernal 2020-2021, se llev\u00f3 a cabo la tercera sesi\u00f3n ordinaria del Comit\u00e9 Municipal de Protecci\u00f3n Civil de C\u00f3rdoba, que acord\u00f3 reforzar el trabajo conjunto con las autoridades estatales del ramo, difundir las medidas de autocuidado y supervisar la implementaci\u00f3n de protocolos institucionales de atenci\u00f3n a riesgos.<\/p>\n\n\n\n<p>La regidora Wendy Santiago Guti\u00e9rrez, en su calidad de secretaria ejecutiva del Comit\u00e9 de PC, dijo que la temporada invernal se estima que se desarrollar\u00e1n 54 frentes fr\u00edos de acuerdo con proyecciones del Sistema Meteorol\u00f3gico Nacional. Solicit\u00f3 a las instancias municipales reforzar las labores preventivas, principalmente en el per\u00edodo de diciembre a febrero.<\/p>\n\n\n\n<p>Llam\u00f3 a corporaciones de primera respuesta y auxilio como la Cruz Roja, Cruz \u00c1mbar, la Comisi\u00f3n Nacional de Emergencias o el Heroico Cuerpo de Bomberos a responder de manera solidaria y cercana las solicitudes de la ciudadan\u00eda.<\/p>\n\n\n\n<p>La presidenta municipal, Leticia L\u00f3pez Landero, reiter\u00f3 el compromiso de su administraci\u00f3n para dar atenci\u00f3n a los sectores m\u00e1s vulnerables y solicit\u00f3 al personal municipal, procurar de manera especial a las personas en situaci\u00f3n de calle como un tema humanitario.<\/p>\n\n\n\n<p>La regidora Yadira Esp\u00edndola manifest\u00f3 la importancia de que Gobierno y ciudadanos se coordinen para impulsar la aplicaci\u00f3n de medidas preventivas para lograr hacer efectiva la protecci\u00f3n de las familias de la zona rural y urbana de C\u00f3rdoba.<\/p>\n\n\n\n<p>Jos\u00e9 Sierra Silva, coordinador de la Unidad Municipal de Protecci\u00f3n Civil, convoc\u00f3 a la ciudadan\u00eda a evitar salir de casa si no es necesario, abrigar a ni\u00f1os y adultos ante la temporada at\u00edpica de fr\u00edos, as\u00ed como reforzar el cuidado de los animales de compa\u00f1\u00eda.<\/p>\n\n\n\n<p>Los integrantes del Comit\u00e9 de Protecci\u00f3n Civil acordaron atender las recomendaciones de los gobiernos federal y estatal en la materia ante la presencia de fen\u00f3menos perturbadores, as\u00ed como reforzar la comunicaci\u00f3n con la ciudadan\u00eda, cuerpos de rescate y auxilio municipales, para lograr una respuesta pronta y efectiva a situaciones de riesgo.<\/p>\n","protected":false},"excerpt":{"rendered":"<p>Con el objetivo de coordinar las acciones preventivas para la temporada invernal 2020-2021, se llev\u00f3 a cabo la tercera sesi\u00f3n ordinaria del Comit\u00e9 Municipal de Protecci\u00f3n Civil de C\u00f3rdoba, que acord\u00f3 reforzar el trabajo conjunto con las autoridades estatales del ramo, difundir las medidas de autocuidado y supervisar la implementaci\u00f3n de protocolos institucionales de atenci\u00f3n<a class=\"read-more\" href=\"https:\/\/globalnewsmexico.com\/sitio\/se-prepara-cordoba-para-atender-temporada-invernal\/\">Leer m\u00e1s<\/a><\/p>\n","protected":false},"author":5,"featured_media":58427,"comment_status":"closed","ping_status":"open","sticky":false,"template":"","format":"standard","meta":{"spay_email":"","footnotes":""},"categories":[37,8,50,52],"tags":[],"jetpack_featured_media_url":"https:\/\/i1.wp.com\/globalnewsmexico.com\/sitio\/wp-content\/uploads\/2020\/12\/b6c9e728-507d-4b55-82be-9b40c99db10d.jpg?fit=1024%2C682&ssl=1","jetpack_sharing_enabled":true,"jetpack_shortlink":"https:\/\/wp.me\/p9yqPL-fcm","jetpack_likes_enabled":true,"_links":{"self":[{"href":"https:\/\/globalnewsmexico.com\/sitio\/wp-json\/wp\/v2\/posts\/58426"}],"collection":[{"href":"https:\/\/globalnewsmexico.com\/sitio\/wp-json\/wp\/v2\/posts"}],"about":[{"href":"https:\/\/globalnewsmexico.com\/sitio\/wp-json\/wp\/v2\/types\/post"}],"author":[{"embeddable":true,"href":"https:\/\/globalnewsmexico.com\/sitio\/wp-json\/wp\/v2\/users\/5"}],"replies":[{"embeddable":true,"href":"https:\/\/globalnewsmexico.com\/sitio\/wp-json\/wp\/v2\/comments?post=58426"}],"version-history":[{"count":0,"href":"https:\/\/globalnewsmexico.com\/sitio\/wp-json\/wp\/v2\/posts\/58426\/revisions"}],"wp:featuredmedia":[{"embeddable":true,"href":"https:\/\/globalnewsmexico.com\/sitio\/wp-json\/wp\/v2\/media\/58427"}],"wp:attachment":[{"href":"https:\/\/globalnewsmexico.com\/sitio\/wp-json\/wp\/v2\/media?parent=58426"}],"wp:term":[{"taxonomy":"category","embeddable":true,"href":"https:\/\/globalnewsmexico.com\/sitio\/wp-json\/wp\/v2\/categories?post=58426"},{"taxonomy":"post_tag","embeddable":true,"href":"https:\/\/globalnewsmexico.com\/sitio\/wp-json\/wp\/v2\/tags?post=58426"}],"curies":[{"name":"wp","href":"https:\/\/api.w.org\/{rel}","templated":true}]}}