{"id":58448,"date":"2020-12-09T12:34:32","date_gmt":"2020-12-09T18:34:32","guid":{"rendered":"http:\/\/globalnewsmexico.com\/sitio\/?p=58448"},"modified":"2020-12-09T12:34:47","modified_gmt":"2020-12-09T18:34:47","slug":"se-analiza-con-sector-empresarial-aumento-al-salario-minimo-para-2021","status":"publish","type":"post","link":"https:\/\/globalnewsmexico.com\/sitio\/se-analiza-con-sector-empresarial-aumento-al-salario-minimo-para-2021\/","title":{"rendered":"Se analiza con sector empresarial aumento al salario m\u00ednimo para 2021"},"content":{"rendered":"\n<p>Al se\u00f1alar que es \u201cjusto y necesario\u201d, el presidente\u00a0Andr\u00e9s Manuel L\u00f3pez Obrador inform\u00f3 que se analiza con el\u00a0sector empresarial\u00a0un aumento al\u00a0salario m\u00ednimo para el pr\u00f3ximo a\u00f1o, pues calific\u00f3 como \u201cvergonzoso\u201d el que M\u00e9xico tenga el salario m\u00e1s bajo de toda Am\u00e9rica Latina, a pesar de que en los \u00faltimos dos a\u00f1os \u00e9ste ha aumentado.<\/p>\n\n\n\n<p>El Ejecutivo federal acus\u00f3 que en periodo neoliberal se deterior\u00f3 mucho el salario de los trabajadores, y se\u00f1al\u00f3 que la\u00a0Comisi\u00f3n Nacional de los Salarios M\u00ednimos\u00a0(Conasami) trabaja en este tema.<\/p>\n\n\n\n<p>\u201cEstamos tambi\u00e9n dialogando sobre el incremento al salario, la comisi\u00f3n que se hace cargo en este tema lo est\u00e1 trabajando. No puedo adelantar nada, pero es justo y necesario el que se aumente lo m\u00e1s posible el salario m\u00ednimo porque se deterior\u00f3 mucho durante el periodo neoliberal.<\/p>\n\n\n\n<p>\u201cAcabo de ver unas gr\u00e1ficas sobre el salario m\u00ednimo con relaci\u00f3n a otros pa\u00edses y realmente es una verg\u00fcenza. En Am\u00e9rica Latina es el salario m\u00ednimo m\u00e1s bajo en M\u00e9xico, aunque con los dos a\u00f1os que llevamos de aumentos, que ha sido hist\u00f3ricos, aumentos del 30%, en t\u00e9rminos reales, pero a\u00fan con eso estamos hasta abajo con relaci\u00f3n a otros pa\u00edses\u00bb, detall\u00f3.<\/p>\n\n\n\n<p>En el sal\u00f3n Tesorer\u00eda de Palacio Nacional, el mandatario se\u00f1al\u00f3 que se tiene que se tiene que seguir recuperando el poder de compra, el poder adquisitivo del salario, algo en que, asegur\u00f3, el sector empresarial tambi\u00e9n est\u00e1 de acuerdo \u201clo que ese est\u00e1 analizando es cu\u00e1nto, pero en su momento se va a dar a conocer\u201d.<\/p>\n\n\n\n<p>Fuente: El Universal<\/p>\n","protected":false},"excerpt":{"rendered":"<p>Al se\u00f1alar que es \u201cjusto y necesario\u201d, el presidente\u00a0Andr\u00e9s Manuel L\u00f3pez Obrador inform\u00f3 que se analiza con el\u00a0sector empresarial\u00a0un aumento al\u00a0salario m\u00ednimo para el pr\u00f3ximo a\u00f1o, pues calific\u00f3 como \u201cvergonzoso\u201d el que M\u00e9xico tenga el salario m\u00e1s bajo de toda Am\u00e9rica Latina, a pesar de que en los \u00faltimos dos a\u00f1os \u00e9ste ha aumentado. El<a class=\"read-more\" href=\"https:\/\/globalnewsmexico.com\/sitio\/se-analiza-con-sector-empresarial-aumento-al-salario-minimo-para-2021\/\">Leer m\u00e1s<\/a><\/p>\n","protected":false},"author":5,"featured_media":58449,"comment_status":"closed","ping_status":"open","sticky":false,"template":"","format":"standard","meta":{"spay_email":"","footnotes":""},"categories":[37,8,39,52],"tags":[],"jetpack_featured_media_url":"https:\/\/i0.wp.com\/globalnewsmexico.com\/sitio\/wp-content\/uploads\/2020\/12\/SALARIO-MINIMO-DINERO-.jpg?fit=1024%2C555&ssl=1","jetpack_sharing_enabled":true,"jetpack_shortlink":"https:\/\/wp.me\/p9yqPL-fcI","jetpack_likes_enabled":true,"_links":{"self":[{"href":"https:\/\/globalnewsmexico.com\/sitio\/wp-json\/wp\/v2\/posts\/58448"}],"collection":[{"href":"https:\/\/globalnewsmexico.com\/sitio\/wp-json\/wp\/v2\/posts"}],"about":[{"href":"https:\/\/globalnewsmexico.com\/sitio\/wp-json\/wp\/v2\/types\/post"}],"author":[{"embeddable":true,"href":"https:\/\/globalnewsmexico.com\/sitio\/wp-json\/wp\/v2\/users\/5"}],"replies":[{"embeddable":true,"href":"https:\/\/globalnewsmexico.com\/sitio\/wp-json\/wp\/v2\/comments?post=58448"}],"version-history":[{"count":0,"href":"https:\/\/globalnewsmexico.com\/sitio\/wp-json\/wp\/v2\/posts\/58448\/revisions"}],"wp:featuredmedia":[{"embeddable":true,"href":"https:\/\/globalnewsmexico.com\/sitio\/wp-json\/wp\/v2\/media\/58449"}],"wp:attachment":[{"href":"https:\/\/globalnewsmexico.com\/sitio\/wp-json\/wp\/v2\/media?parent=58448"}],"wp:term":[{"taxonomy":"category","embeddable":true,"href":"https:\/\/globalnewsmexico.com\/sitio\/wp-json\/wp\/v2\/categories?post=58448"},{"taxonomy":"post_tag","embeddable":true,"href":"https:\/\/globalnewsmexico.com\/sitio\/wp-json\/wp\/v2\/tags?post=58448"}],"curies":[{"name":"wp","href":"https:\/\/api.w.org\/{rel}","templated":true}]}}