{"id":58492,"date":"2020-12-10T11:21:12","date_gmt":"2020-12-10T17:21:12","guid":{"rendered":"http:\/\/globalnewsmexico.com\/sitio\/?p=58492"},"modified":"2020-12-10T11:21:22","modified_gmt":"2020-12-10T17:21:22","slug":"sentencian-a-mas-de-40-anos-a-tres-feminicidas","status":"publish","type":"post","link":"https:\/\/globalnewsmexico.com\/sitio\/sentencian-a-mas-de-40-anos-a-tres-feminicidas\/","title":{"rendered":"Sentencian a m\u00e1s de 40 a\u00f1os a tres feminicidas"},"content":{"rendered":"\n<p>La Fiscal\u00eda General del Estado de Veracruz, a trav\u00e9s de la Fiscal\u00eda Coordinadora Especializada en Investigaci\u00f3n de Delitos de Violencia contra la Familia, Mujeres, Ni\u00f1as y Ni\u00f1os y de Trata de Personas de Minatitl\u00e1n, obtuvo dos sentencias de 40 y 42 a\u00f1os por dos casos de feminicidio.\u00a0<\/p>\n\n\n\n<p>En el primero, gracias al trabajo coordinado de trilog\u00eda investigadora integrado por fiscales, peritos y polic\u00edas ministeriales, se logr\u00f3 presentar las pruebas suficientes y los alegatos contundentes en contra de Pedro Bautista y Denisse Luis Hern\u00e1ndez, para demostrar su culpabilidad.&nbsp;<\/p>\n\n\n\n<p>Las pruebas fueron analizadas por el juez, quien determin\u00f3 la culpabilidad de los responsables, dictando una sentencia por el delito de feminicidio en agravio de Jazm\u00edn \u2018N\u2019.&nbsp;<\/p>\n\n\n\n<p>Los hechos ocurrieron el 17 de junio de 2017, en el municipio de&nbsp;Pajapan.&nbsp;<\/p>\n\n\n\n<p>Adem\u00e1s de la sentencia de 42 a\u00f1os, el juez tambi\u00e9n fij\u00f3 el pago de 448 mil pesos como reparaci\u00f3n del da\u00f1o.&nbsp;<\/p>\n\n\n\n<p>El segundo caso ocurri\u00f3 en el municipio de R\u00edo Blanco, en abril de 2017, cuando una persona identificada como Alejandro Garc\u00eda priv\u00f3 de la vida a Mar\u00eda Luisa \u2018N\u2019.&nbsp;<\/p>\n\n\n\n<p>Tras los trabajos de investigaci\u00f3n, peritajes e integraci\u00f3n de la carpeta de este caso, un juez emiti\u00f3 un fallo condenatorio por el delito de feminicidio, una pena de 40 a\u00f1os de prisi\u00f3n y el pago de reparaci\u00f3n del da\u00f1o por un monto de 402 mil pesos.<\/p>\n","protected":false},"excerpt":{"rendered":"<p>La Fiscal\u00eda General del Estado de Veracruz, a trav\u00e9s de la Fiscal\u00eda Coordinadora Especializada en Investigaci\u00f3n de Delitos de Violencia contra la Familia, Mujeres, Ni\u00f1as y Ni\u00f1os y de Trata de Personas de Minatitl\u00e1n, obtuvo dos sentencias de 40 y 42 a\u00f1os por dos casos de feminicidio.\u00a0 En el primero, gracias al trabajo coordinado de<a class=\"read-more\" href=\"https:\/\/globalnewsmexico.com\/sitio\/sentencian-a-mas-de-40-anos-a-tres-feminicidas\/\">Leer m\u00e1s<\/a><\/p>\n","protected":false},"author":5,"featured_media":58493,"comment_status":"closed","ping_status":"open","sticky":false,"template":"","format":"standard","meta":{"spay_email":"","footnotes":""},"categories":[37,8,50,52],"tags":[],"jetpack_featured_media_url":"https:\/\/i2.wp.com\/globalnewsmexico.com\/sitio\/wp-content\/uploads\/2020\/12\/18cedaad-d703-4ff9-b28f-d4ed5a3b7afb.jpg?fit=1040%2C1040&ssl=1","jetpack_sharing_enabled":true,"jetpack_shortlink":"https:\/\/wp.me\/p9yqPL-fdq","jetpack_likes_enabled":true,"_links":{"self":[{"href":"https:\/\/globalnewsmexico.com\/sitio\/wp-json\/wp\/v2\/posts\/58492"}],"collection":[{"href":"https:\/\/globalnewsmexico.com\/sitio\/wp-json\/wp\/v2\/posts"}],"about":[{"href":"https:\/\/globalnewsmexico.com\/sitio\/wp-json\/wp\/v2\/types\/post"}],"author":[{"embeddable":true,"href":"https:\/\/globalnewsmexico.com\/sitio\/wp-json\/wp\/v2\/users\/5"}],"replies":[{"embeddable":true,"href":"https:\/\/globalnewsmexico.com\/sitio\/wp-json\/wp\/v2\/comments?post=58492"}],"version-history":[{"count":0,"href":"https:\/\/globalnewsmexico.com\/sitio\/wp-json\/wp\/v2\/posts\/58492\/revisions"}],"wp:featuredmedia":[{"embeddable":true,"href":"https:\/\/globalnewsmexico.com\/sitio\/wp-json\/wp\/v2\/media\/58493"}],"wp:attachment":[{"href":"https:\/\/globalnewsmexico.com\/sitio\/wp-json\/wp\/v2\/media?parent=58492"}],"wp:term":[{"taxonomy":"category","embeddable":true,"href":"https:\/\/globalnewsmexico.com\/sitio\/wp-json\/wp\/v2\/categories?post=58492"},{"taxonomy":"post_tag","embeddable":true,"href":"https:\/\/globalnewsmexico.com\/sitio\/wp-json\/wp\/v2\/tags?post=58492"}],"curies":[{"name":"wp","href":"https:\/\/api.w.org\/{rel}","templated":true}]}}