{"id":58510,"date":"2020-12-10T13:12:27","date_gmt":"2020-12-10T19:12:27","guid":{"rendered":"http:\/\/globalnewsmexico.com\/sitio\/?p=58510"},"modified":"2020-12-10T13:12:31","modified_gmt":"2020-12-10T19:12:31","slug":"covid-19-no-se-ha-ido-de-veracruz-gobernador","status":"publish","type":"post","link":"https:\/\/globalnewsmexico.com\/sitio\/covid-19-no-se-ha-ido-de-veracruz-gobernador\/","title":{"rendered":"Covid-19 no se ha ido de Veracruz: gobernador"},"content":{"rendered":"\n<p>El Covid-19 \u00abprovoca la muerte y no se ha ido de Veracruz\u00bb, sentenci\u00f3 el gobernador Cuitl\u00e1huac Garc\u00eda Jim\u00e9nez, al tiempo de pedir a la poblaci\u00f3n que siga las recomendaciones sanitarias.<\/p>\n\n\n\n<p>\u00abHay rebrotes en pa\u00edses europeos, en este continente y en nuestro pa\u00eds hay estados que enfrentan rebrotes por coronavirus\u00bb, dijo.<\/p>\n\n\n\n<p>Al comparecer ante diputados locales en el Congreso local, el gobernador Cuitl\u00e1huac Garc\u00eda Jim\u00e9nez asegur\u00f3 que el Covid-19 no se ir\u00e1 de Veracruz.<\/p>\n\n\n\n<p>\u00abSeguimos con decesos, lamentablemente. Bajaron los niveles de contagio, pero no provoquemos un regreso de la pandemia, hay que cuidar la salud, no es momento de bajar la guardia\u00bb, apunt\u00f3.<\/p>\n","protected":false},"excerpt":{"rendered":"<p>El Covid-19 \u00abprovoca la muerte y no se ha ido de Veracruz\u00bb, sentenci\u00f3 el gobernador Cuitl\u00e1huac Garc\u00eda Jim\u00e9nez, al tiempo de pedir a la poblaci\u00f3n que siga las recomendaciones sanitarias. \u00abHay rebrotes en pa\u00edses europeos, en este continente y en nuestro pa\u00eds hay estados que enfrentan rebrotes por coronavirus\u00bb, dijo. Al comparecer ante diputados locales<a class=\"read-more\" href=\"https:\/\/globalnewsmexico.com\/sitio\/covid-19-no-se-ha-ido-de-veracruz-gobernador\/\">Leer m\u00e1s<\/a><\/p>\n","protected":false},"author":5,"featured_media":58511,"comment_status":"closed","ping_status":"open","sticky":false,"template":"","format":"standard","meta":{"spay_email":"","footnotes":""},"categories":[37,8,50,52],"tags":[],"jetpack_featured_media_url":"https:\/\/i2.wp.com\/globalnewsmexico.com\/sitio\/wp-content\/uploads\/2020\/12\/1b6c2b23-f2da-4622-8488-410919f786dc.jpg?fit=1024%2C683&ssl=1","jetpack_sharing_enabled":true,"jetpack_shortlink":"https:\/\/wp.me\/p9yqPL-fdI","jetpack_likes_enabled":true,"_links":{"self":[{"href":"https:\/\/globalnewsmexico.com\/sitio\/wp-json\/wp\/v2\/posts\/58510"}],"collection":[{"href":"https:\/\/globalnewsmexico.com\/sitio\/wp-json\/wp\/v2\/posts"}],"about":[{"href":"https:\/\/globalnewsmexico.com\/sitio\/wp-json\/wp\/v2\/types\/post"}],"author":[{"embeddable":true,"href":"https:\/\/globalnewsmexico.com\/sitio\/wp-json\/wp\/v2\/users\/5"}],"replies":[{"embeddable":true,"href":"https:\/\/globalnewsmexico.com\/sitio\/wp-json\/wp\/v2\/comments?post=58510"}],"version-history":[{"count":0,"href":"https:\/\/globalnewsmexico.com\/sitio\/wp-json\/wp\/v2\/posts\/58510\/revisions"}],"wp:featuredmedia":[{"embeddable":true,"href":"https:\/\/globalnewsmexico.com\/sitio\/wp-json\/wp\/v2\/media\/58511"}],"wp:attachment":[{"href":"https:\/\/globalnewsmexico.com\/sitio\/wp-json\/wp\/v2\/media?parent=58510"}],"wp:term":[{"taxonomy":"category","embeddable":true,"href":"https:\/\/globalnewsmexico.com\/sitio\/wp-json\/wp\/v2\/categories?post=58510"},{"taxonomy":"post_tag","embeddable":true,"href":"https:\/\/globalnewsmexico.com\/sitio\/wp-json\/wp\/v2\/tags?post=58510"}],"curies":[{"name":"wp","href":"https:\/\/api.w.org\/{rel}","templated":true}]}}