{"id":58565,"date":"2020-12-11T13:41:15","date_gmt":"2020-12-11T19:41:15","guid":{"rendered":"http:\/\/globalnewsmexico.com\/sitio\/?p=58565"},"modified":"2020-12-11T13:41:41","modified_gmt":"2020-12-11T19:41:41","slug":"aprueban-proyecto-de-legalizacion-del-aborto-en-argentina","status":"publish","type":"post","link":"https:\/\/globalnewsmexico.com\/sitio\/aprueban-proyecto-de-legalizacion-del-aborto-en-argentina\/","title":{"rendered":"Aprueban proyecto de legalizaci\u00f3n del aborto en Argentina"},"content":{"rendered":"\n<p>La C\u00e1mara de Diputados aprob\u00f3 la\u00a0legalizaci\u00f3n del aborto en Argentina, pero el proyecto a\u00fan debe someterse a la votaci\u00f3n del Senado, instancia que hace dos a\u00f1os\u00a0rechaz\u00f3 una iniciativa similar.<\/p>\n\n\n\n<p>La aprobaci\u00f3n fue recibida con un estallido de alegr\u00eda por miles de j\u00f3venes de pa\u00f1uelo verde, emblema de la campa\u00f1a a favor de la legalizaci\u00f3n del aborto, que pasaron toda la noche afuera del Congreso, en Buenos Aires, a la espera de la votaci\u00f3n.<\/p>\n\n\n\n<p>El proyecto de ley, que permitir\u00e1 el aborto hasta la semana 14 de gestaci\u00f3n, tuvo\u00a0131 votos a favor, 117 en contra y seis abstenciones, inform\u00f3 la Secretar\u00eda de la C\u00e1mara de Diputados, al cabo de una sesi\u00f3n de 20 horas. Se espera que el Senado discuta el proyecto antes de fin de a\u00f1o.<\/p>\n\n\n\n<p>Al ritmo de los bombos y en un clima festivo, miles de mujeres de pa\u00f1uelo verde hicieron vigilia en los alrededores del Congreso.<\/p>\n\n\n\n<p>Separadas por una valla, manifestantes del pa\u00f1uelo celeste, que se oponen a la iniciativa, tambi\u00e9n aguardaron el resultado de la votaci\u00f3n, que recibieron con frustraci\u00f3n.<\/p>\n\n\n\n<figure class=\"wp-block-image\"><img decoding=\"async\" src=\"https:\/\/i0.wp.com\/imagenes.milenio.com\/knjxOsoBCtAcDSwTp-v9K_pd25M=\/618x348\/smart\/https:\/\/www.milenio.com\/uploads\/media\/2020\/12\/11\/miles-jovenes-pasaron-noche-afuera_thumb_585_348.jpg?w=800&#038;ssl=1\" alt=\"\" data-recalc-dims=\"1\"\/><\/figure>\n\n\n\n<p>La legalizaci\u00f3n del aborto se discuti\u00f3 por primera vez en el parlamento argentino en 2018, durante el gobierno del liberal Mauricio Macri (2015-2019), cuando fue aprobada por los diputados pero\u00a0rechazada en el Senado\u00a0en medio de enormes movilizaciones de mujeres.<\/p>\n\n\n\n<p>Este a\u00f1o, la iniciativa de Interrupci\u00f3n Voluntaria del Embarazo fue\u00a0presentada por el presidente\u00a0peronista de centroizquierda Alberto Fern\u00e1ndez, como un modo de \u00abgarantizar que todas las mujeres accedan al derecho a la salud integral\u00bb.<\/p>\n\n\n\n<p>\u00abEl aborto es\u00a0legal en pa\u00edses del primer mundo\u00a0y otros desarrollados y con fuerte religiosidad, como Italia, Espa\u00f1a e Irlanda. Ahora avanzamos en Argentina. Si esto fuera un problema masculino, se habr\u00eda sido resuelto hace mucho tiempo\u00bb, declar\u00f3 el ministro de Salud, Gin\u00e9s Gonz\u00e1lez Garc\u00eda.<\/p>\n\n\n\n<p>En la sesi\u00f3n, la diputada Ana Carolina Gaillard, del oficialista Frente de Todos, enfatiz\u00f3 que \u00abel debate no es sobre aborto s\u00ed o aborto no, sino sobre\u00a0aborto seguro o aborto inseguro\u00bb, al evocar las muertes que se derivan de las interrupciones clandestinas del embarazo, unas tres mil desde 1983, seg\u00fan el presidente Fern\u00e1ndez.<\/p>\n\n\n\n<p>\u00abSoy cat\u00f3lico pero tengo que legislar para todos. Es un tema de salud p\u00fablica muy serio\u00bb, declar\u00f3 el presidente Fern\u00e1ndez el jueves.<\/p>\n\n\n\n<p>Analistas de salud calculan entre\u00a0370 mil y 520 mil los abortos clandestinos anuales\u00a0en Argentina, con 39 mil internaciones cada a\u00f1o en centros de salud p\u00fablica, seg\u00fan estad\u00edsticas del Gobierno.<\/p>\n\n\n\n<p>Fuente: Agencias<\/p>\n","protected":false},"excerpt":{"rendered":"<p>La C\u00e1mara de Diputados aprob\u00f3 la\u00a0legalizaci\u00f3n del aborto en Argentina, pero el proyecto a\u00fan debe someterse a la votaci\u00f3n del Senado, instancia que hace dos a\u00f1os\u00a0rechaz\u00f3 una iniciativa similar. La aprobaci\u00f3n fue recibida con un estallido de alegr\u00eda por miles de j\u00f3venes de pa\u00f1uelo verde, emblema de la campa\u00f1a a favor de la legalizaci\u00f3n del<a class=\"read-more\" href=\"https:\/\/globalnewsmexico.com\/sitio\/aprueban-proyecto-de-legalizacion-del-aborto-en-argentina\/\">Leer m\u00e1s<\/a><\/p>\n","protected":false},"author":5,"featured_media":58566,"comment_status":"closed","ping_status":"open","sticky":false,"template":"","format":"standard","meta":{"spay_email":"","footnotes":""},"categories":[37,8,48,52],"tags":[],"jetpack_featured_media_url":"https:\/\/i1.wp.com\/globalnewsmexico.com\/sitio\/wp-content\/uploads\/2020\/12\/proyecto-legalizacion-aborto-argentina-sometido_0_14_900_559.jpg?fit=958%2C596&ssl=1","jetpack_sharing_enabled":true,"jetpack_shortlink":"https:\/\/wp.me\/p9yqPL-feB","jetpack_likes_enabled":true,"_links":{"self":[{"href":"https:\/\/globalnewsmexico.com\/sitio\/wp-json\/wp\/v2\/posts\/58565"}],"collection":[{"href":"https:\/\/globalnewsmexico.com\/sitio\/wp-json\/wp\/v2\/posts"}],"about":[{"href":"https:\/\/globalnewsmexico.com\/sitio\/wp-json\/wp\/v2\/types\/post"}],"author":[{"embeddable":true,"href":"https:\/\/globalnewsmexico.com\/sitio\/wp-json\/wp\/v2\/users\/5"}],"replies":[{"embeddable":true,"href":"https:\/\/globalnewsmexico.com\/sitio\/wp-json\/wp\/v2\/comments?post=58565"}],"version-history":[{"count":0,"href":"https:\/\/globalnewsmexico.com\/sitio\/wp-json\/wp\/v2\/posts\/58565\/revisions"}],"wp:featuredmedia":[{"embeddable":true,"href":"https:\/\/globalnewsmexico.com\/sitio\/wp-json\/wp\/v2\/media\/58566"}],"wp:attachment":[{"href":"https:\/\/globalnewsmexico.com\/sitio\/wp-json\/wp\/v2\/media?parent=58565"}],"wp:term":[{"taxonomy":"category","embeddable":true,"href":"https:\/\/globalnewsmexico.com\/sitio\/wp-json\/wp\/v2\/categories?post=58565"},{"taxonomy":"post_tag","embeddable":true,"href":"https:\/\/globalnewsmexico.com\/sitio\/wp-json\/wp\/v2\/tags?post=58565"}],"curies":[{"name":"wp","href":"https:\/\/api.w.org\/{rel}","templated":true}]}}