{"id":58621,"date":"2020-12-12T16:05:50","date_gmt":"2020-12-12T22:05:50","guid":{"rendered":"http:\/\/globalnewsmexico.com\/sitio\/?p=58621"},"modified":"2020-12-12T16:05:54","modified_gmt":"2020-12-12T22:05:54","slug":"autoridades-municipales-de-cordoba-implementan-operativo-por-festejo-guadalupano","status":"publish","type":"post","link":"https:\/\/globalnewsmexico.com\/sitio\/autoridades-municipales-de-cordoba-implementan-operativo-por-festejo-guadalupano\/","title":{"rendered":"Autoridades municipales de C\u00f3rdoba implementan operativo por festejo guadalupano"},"content":{"rendered":"\n<p>Las acciones de reforzamiento de protocolos sanitarios entre autoridades religiosas y Ayuntamiento de C\u00f3rdoba, ante las festividades por el 12 de diciembre, busca mitigar los casos de Covid-19.<\/p>\n\n\n\n<p>Jorge L\u00f3pez Tress, director de Educaci\u00f3n y Deporte, y presidente de la Mesa Covid Municipal, dio a conocer que las aglomeraciones por la fechas provocan un aumento en el riesgo del contagio; por ello, los mecanismos para cuidar la salud de los cordobeses.<\/p>\n\n\n\n<p>\u00abSe tuvieron dos reuniones con autoridades religiosas para coordinar acciones y evitar aglomeraciones, haciendo m\u00e1s fluida el ingreso y\u00a0 visita de feligreses a la catedral, adem\u00e1s del cumplimiento al protocolo sanitario de ingreso a la iglesia\u00bb, inform\u00f3 el director municipal.<\/p>\n\n\n\n<p>Con la Direcci\u00f3n de Comercio se trabaj\u00f3 para organizar a los comerciantes y vendedores, para poder privilegiar la sana distancia.<\/p>\n\n\n\n<p>Personal de la direcci\u00f3n de Tr\u00e1nsito y Segurifad Vial (DTySV), de la Unidad Municipal de Protecci\u00f3n Civil (UMPC), Jefatura de Salud, Educaci\u00f3n y Deporte, implementaron un operativo para que los ciudadanos que acudieron a la catedral de la Inmaculada Concepci\u00f3n cumplieran las medidas preventivas previo a su ingreso.<\/p>\n\n\n\n<p>Desde las 7 de la ma\u00f1ana se instal\u00f3 el protocolo, el cual permanecer\u00e1 el resto del d\u00eda.<\/p>\n","protected":false},"excerpt":{"rendered":"<p>Las acciones de reforzamiento de protocolos sanitarios entre autoridades religiosas y Ayuntamiento de C\u00f3rdoba, ante las festividades por el 12 de diciembre, busca mitigar los casos de Covid-19. Jorge L\u00f3pez Tress, director de Educaci\u00f3n y Deporte, y presidente de la Mesa Covid Municipal, dio a conocer que las aglomeraciones por la fechas provocan un aumento<a class=\"read-more\" href=\"https:\/\/globalnewsmexico.com\/sitio\/autoridades-municipales-de-cordoba-implementan-operativo-por-festejo-guadalupano\/\">Leer m\u00e1s<\/a><\/p>\n","protected":false},"author":5,"featured_media":58622,"comment_status":"closed","ping_status":"open","sticky":false,"template":"","format":"standard","meta":{"spay_email":"","footnotes":""},"categories":[37,8,50,52],"tags":[],"jetpack_featured_media_url":"https:\/\/i0.wp.com\/globalnewsmexico.com\/sitio\/wp-content\/uploads\/2020\/12\/c1c43921-48df-47d5-8ba9-6c38b7458111.jpg?fit=1024%2C682&ssl=1","jetpack_sharing_enabled":true,"jetpack_shortlink":"https:\/\/wp.me\/p9yqPL-ffv","jetpack_likes_enabled":true,"_links":{"self":[{"href":"https:\/\/globalnewsmexico.com\/sitio\/wp-json\/wp\/v2\/posts\/58621"}],"collection":[{"href":"https:\/\/globalnewsmexico.com\/sitio\/wp-json\/wp\/v2\/posts"}],"about":[{"href":"https:\/\/globalnewsmexico.com\/sitio\/wp-json\/wp\/v2\/types\/post"}],"author":[{"embeddable":true,"href":"https:\/\/globalnewsmexico.com\/sitio\/wp-json\/wp\/v2\/users\/5"}],"replies":[{"embeddable":true,"href":"https:\/\/globalnewsmexico.com\/sitio\/wp-json\/wp\/v2\/comments?post=58621"}],"version-history":[{"count":0,"href":"https:\/\/globalnewsmexico.com\/sitio\/wp-json\/wp\/v2\/posts\/58621\/revisions"}],"wp:featuredmedia":[{"embeddable":true,"href":"https:\/\/globalnewsmexico.com\/sitio\/wp-json\/wp\/v2\/media\/58622"}],"wp:attachment":[{"href":"https:\/\/globalnewsmexico.com\/sitio\/wp-json\/wp\/v2\/media?parent=58621"}],"wp:term":[{"taxonomy":"category","embeddable":true,"href":"https:\/\/globalnewsmexico.com\/sitio\/wp-json\/wp\/v2\/categories?post=58621"},{"taxonomy":"post_tag","embeddable":true,"href":"https:\/\/globalnewsmexico.com\/sitio\/wp-json\/wp\/v2\/tags?post=58621"}],"curies":[{"name":"wp","href":"https:\/\/api.w.org\/{rel}","templated":true}]}}