{"id":58659,"date":"2020-12-14T14:56:02","date_gmt":"2020-12-14T20:56:02","guid":{"rendered":"http:\/\/globalnewsmexico.com\/sitio\/?p=58659"},"modified":"2020-12-14T14:56:07","modified_gmt":"2020-12-14T20:56:07","slug":"propone-amev-multas-por-no-usar-cubrebocas","status":"publish","type":"post","link":"https:\/\/globalnewsmexico.com\/sitio\/propone-amev-multas-por-no-usar-cubrebocas\/","title":{"rendered":"Propone AMEV multas por no usar cubrebocas"},"content":{"rendered":"\n<p>El l\u00edder de la Asociaci\u00f3n Ministerial Evang\u00e9lica (AMEV), Guillermo Trujillo \u00c1lvarez, se pronunci\u00f3 por aplicar multas econ\u00f3micas a quien no porte cubrebocas en Veracruz por la pandemia del coronavirus.<\/p>\n\n\n\n<p>\u00abEs lamentable que las cifras sigan para arriba respecto a los casos de coronavirus, ya en Veracruz rebasando los seis mil muertos\u00bb, dijo.<\/p>\n\n\n\n<p>De ah\u00ed que se requiere tomar medidas \u00abm\u00e1s dr\u00e1sticas y necesarias, porque este virus es una realidad, creo que deben tomarse este tipo de medidas como el cubrebocas obligatorio para todos y aplicar sanciones\u00bb.<\/p>\n\n\n\n<p>Trujillo \u00c1lvarez, dijo que ya es momento de aplicar multas en el estado y lament\u00f3 que algunos actores pol\u00edticos no lo porten como herramienta \u00fatil para frenar los contagios de coronavirus en el mundo.<\/p>\n","protected":false},"excerpt":{"rendered":"<p>El l\u00edder de la Asociaci\u00f3n Ministerial Evang\u00e9lica (AMEV), Guillermo Trujillo \u00c1lvarez, se pronunci\u00f3 por aplicar multas econ\u00f3micas a quien no porte cubrebocas en Veracruz por la pandemia del coronavirus. \u00abEs lamentable que las cifras sigan para arriba respecto a los casos de coronavirus, ya en Veracruz rebasando los seis mil muertos\u00bb, dijo. De ah\u00ed que<a class=\"read-more\" href=\"https:\/\/globalnewsmexico.com\/sitio\/propone-amev-multas-por-no-usar-cubrebocas\/\">Leer m\u00e1s<\/a><\/p>\n","protected":false},"author":5,"featured_media":58660,"comment_status":"closed","ping_status":"open","sticky":false,"template":"","format":"standard","meta":{"spay_email":"","footnotes":""},"categories":[37,8,50,52],"tags":[],"jetpack_featured_media_url":"https:\/\/i0.wp.com\/globalnewsmexico.com\/sitio\/wp-content\/uploads\/2020\/12\/ac00d1d7-0eb1-45ff-a94a-9cf30cb629dd.jpg?fit=1024%2C579&ssl=1","jetpack_sharing_enabled":true,"jetpack_shortlink":"https:\/\/wp.me\/p9yqPL-fg7","jetpack_likes_enabled":true,"_links":{"self":[{"href":"https:\/\/globalnewsmexico.com\/sitio\/wp-json\/wp\/v2\/posts\/58659"}],"collection":[{"href":"https:\/\/globalnewsmexico.com\/sitio\/wp-json\/wp\/v2\/posts"}],"about":[{"href":"https:\/\/globalnewsmexico.com\/sitio\/wp-json\/wp\/v2\/types\/post"}],"author":[{"embeddable":true,"href":"https:\/\/globalnewsmexico.com\/sitio\/wp-json\/wp\/v2\/users\/5"}],"replies":[{"embeddable":true,"href":"https:\/\/globalnewsmexico.com\/sitio\/wp-json\/wp\/v2\/comments?post=58659"}],"version-history":[{"count":0,"href":"https:\/\/globalnewsmexico.com\/sitio\/wp-json\/wp\/v2\/posts\/58659\/revisions"}],"wp:featuredmedia":[{"embeddable":true,"href":"https:\/\/globalnewsmexico.com\/sitio\/wp-json\/wp\/v2\/media\/58660"}],"wp:attachment":[{"href":"https:\/\/globalnewsmexico.com\/sitio\/wp-json\/wp\/v2\/media?parent=58659"}],"wp:term":[{"taxonomy":"category","embeddable":true,"href":"https:\/\/globalnewsmexico.com\/sitio\/wp-json\/wp\/v2\/categories?post=58659"},{"taxonomy":"post_tag","embeddable":true,"href":"https:\/\/globalnewsmexico.com\/sitio\/wp-json\/wp\/v2\/tags?post=58659"}],"curies":[{"name":"wp","href":"https:\/\/api.w.org\/{rel}","templated":true}]}}