{"id":58734,"date":"2020-12-15T18:31:42","date_gmt":"2020-12-16T00:31:42","guid":{"rendered":"http:\/\/globalnewsmexico.com\/sitio\/?p=58734"},"modified":"2020-12-15T18:32:05","modified_gmt":"2020-12-16T00:32:05","slug":"amplian-obra-de-pavimentacion-en-beneficio-de-la-ciudadania","status":"publish","type":"post","link":"https:\/\/globalnewsmexico.com\/sitio\/amplian-obra-de-pavimentacion-en-beneficio-de-la-ciudadania\/","title":{"rendered":"Ampl\u00edan obra de pavimentaci\u00f3n en beneficio de la ciudadan\u00eda"},"content":{"rendered":"\n<p>El Ayuntamiento de C\u00f3rdoba ampli\u00f3 para beneficio de los cordobeses, la rehabilitaci\u00f3n con concreto hidr\u00e1ulico en la avenida 1 entre calles 30 a la 36, en la colonia San Jos\u00e9. Los trabajos iniciaron este martes; acciones que fortalecen el desarrollo de infraestructura social del municipio.<\/p>\n\n\n\n<p>Antonio Morales Salinas, director de Obras P\u00fablicas, inform\u00f3: \u201cse inicia la intervenci\u00f3n de esa zona donde ten\u00edamos contemplado solo el tramo de la 32 a la 36; al hacer un estimado en los recursos y ajuste en metas, se logr\u00f3 incorporar toda la calle 30 que tambi\u00e9n se encontraba en malas condiciones\u201d.<\/p>\n\n\n\n<p>Los trabajos forman parte del cuarto paquete de obra p\u00fablica 2020 propuesto en noviembre, donde se autorizaron 3 rehabilitaciones con concreto hidr\u00e1ulico con una asignaci\u00f3n de 2 millones de pesos; del programa de inversi\u00f3n con recursos del Fondo de Aportaciones para el Fortalecimiento de los Municipios (Fortamun).<\/p>\n\n\n\n<p>Este paquete de acciones de mejoramiento del servicio urbano es: Avenida 11 entre calles 3 y 10 colonia centro, Calle 22 entre Avenidas 1 y 11 colonia San Jos\u00e9 y los trabajos que iniciaron este martes en la Avenida 1 Calle 30 a la 36 colonia San Jos\u00e9. Se asigno para esta arteria vial, un monto de 699 mil pesos para la ejecuci\u00f3n de rehabilitaci\u00f3n de 397. 18 metros cuadrados.<\/p>\n\n\n\n<p>El director de Obras P\u00fablicas, manifest\u00f3 que los trabajos han dado inicio y se desarrollaran en alrededor de 15 d\u00edas. La Direcci\u00f3n de Tr\u00e1nsito y Seguridad Vial, brinda apoyo para el uso de otras rutas y no se afecte la circulaci\u00f3n de esta parte de la ciudad.<\/p>\n\n\n\n<p>Morales Salinas, invito a la ciudadan\u00eda a usar v\u00edas alternas, aclar\u00f3 que en la avenida 1 sobre el carril de bajada esta libre para su circulaci\u00f3n y el carril de subida a la altura del Villa Florida, se desv\u00edan de la calle 30 para incorporase al bulevar C\u00f3rdoba- Fort\u00edn o hacia la avenida 11.<\/p>\n","protected":false},"excerpt":{"rendered":"<p>El Ayuntamiento de C\u00f3rdoba ampli\u00f3 para beneficio de los cordobeses, la rehabilitaci\u00f3n con concreto hidr\u00e1ulico en la avenida 1 entre calles 30 a la 36, en la colonia San Jos\u00e9. Los trabajos iniciaron este martes; acciones que fortalecen el desarrollo de infraestructura social del municipio. Antonio Morales Salinas, director de Obras P\u00fablicas, inform\u00f3: \u201cse inicia<a class=\"read-more\" href=\"https:\/\/globalnewsmexico.com\/sitio\/amplian-obra-de-pavimentacion-en-beneficio-de-la-ciudadania\/\">Leer m\u00e1s<\/a><\/p>\n","protected":false},"author":5,"featured_media":58735,"comment_status":"closed","ping_status":"open","sticky":false,"template":"","format":"standard","meta":{"spay_email":"","footnotes":""},"categories":[37,8,50,52],"tags":[],"jetpack_featured_media_url":"https:\/\/i2.wp.com\/globalnewsmexico.com\/sitio\/wp-content\/uploads\/2020\/12\/7b8bc385-f3ff-4198-83b4-5660a9252020.jpg?fit=1024%2C682&ssl=1","jetpack_sharing_enabled":true,"jetpack_shortlink":"https:\/\/wp.me\/p9yqPL-fhk","jetpack_likes_enabled":true,"_links":{"self":[{"href":"https:\/\/globalnewsmexico.com\/sitio\/wp-json\/wp\/v2\/posts\/58734"}],"collection":[{"href":"https:\/\/globalnewsmexico.com\/sitio\/wp-json\/wp\/v2\/posts"}],"about":[{"href":"https:\/\/globalnewsmexico.com\/sitio\/wp-json\/wp\/v2\/types\/post"}],"author":[{"embeddable":true,"href":"https:\/\/globalnewsmexico.com\/sitio\/wp-json\/wp\/v2\/users\/5"}],"replies":[{"embeddable":true,"href":"https:\/\/globalnewsmexico.com\/sitio\/wp-json\/wp\/v2\/comments?post=58734"}],"version-history":[{"count":0,"href":"https:\/\/globalnewsmexico.com\/sitio\/wp-json\/wp\/v2\/posts\/58734\/revisions"}],"wp:featuredmedia":[{"embeddable":true,"href":"https:\/\/globalnewsmexico.com\/sitio\/wp-json\/wp\/v2\/media\/58735"}],"wp:attachment":[{"href":"https:\/\/globalnewsmexico.com\/sitio\/wp-json\/wp\/v2\/media?parent=58734"}],"wp:term":[{"taxonomy":"category","embeddable":true,"href":"https:\/\/globalnewsmexico.com\/sitio\/wp-json\/wp\/v2\/categories?post=58734"},{"taxonomy":"post_tag","embeddable":true,"href":"https:\/\/globalnewsmexico.com\/sitio\/wp-json\/wp\/v2\/tags?post=58734"}],"curies":[{"name":"wp","href":"https:\/\/api.w.org\/{rel}","templated":true}]}}