{"id":58741,"date":"2020-12-16T09:05:30","date_gmt":"2020-12-16T15:05:30","guid":{"rendered":"http:\/\/globalnewsmexico.com\/sitio\/?p=58741"},"modified":"2020-12-16T09:05:34","modified_gmt":"2020-12-16T15:05:34","slug":"covid-19-sera-considerado-riesgo-de-trabajo-para-maestros-sep","status":"publish","type":"post","link":"https:\/\/globalnewsmexico.com\/sitio\/covid-19-sera-considerado-riesgo-de-trabajo-para-maestros-sep\/","title":{"rendered":"Covid-19 ser\u00e1 considerado riesgo de trabajo para maestros: SEP"},"content":{"rendered":"\n<p>El secretario de Educaci\u00f3n, Esteban Moctezuma Barrag\u00e1n, inform\u00f3 que el Covid-19 ser\u00e1 considerado como riesgo de trabajo para los docentes en el pa\u00eds.<\/p>\n\n\n\n<p>Explic\u00f3 en redes sociales que el presidente Andr\u00e9s Manuel L\u00f3pez Obrador \u201cle acept\u00f3\u201d, en reconocimiento a la entrega de maestros de M\u00e9xico por el aprendizaje, considerar al Covid-19 como enfermedad de riesgo de trabajo.<\/p>\n\n\n\n<p>De acuerdo con el funcionario, esto tendr\u00e1 efecto cuando reinicien las clases presenciales en el pa\u00eds.<\/p>\n\n\n\n<p>Fuente: Xeu Noticias<\/p>\n","protected":false},"excerpt":{"rendered":"<p>El secretario de Educaci\u00f3n, Esteban Moctezuma Barrag\u00e1n, inform\u00f3 que el Covid-19 ser\u00e1 considerado como riesgo de trabajo para los docentes en el pa\u00eds. Explic\u00f3 en redes sociales que el presidente Andr\u00e9s Manuel L\u00f3pez Obrador \u201cle acept\u00f3\u201d, en reconocimiento a la entrega de maestros de M\u00e9xico por el aprendizaje, considerar al Covid-19 como enfermedad de riesgo<a class=\"read-more\" href=\"https:\/\/globalnewsmexico.com\/sitio\/covid-19-sera-considerado-riesgo-de-trabajo-para-maestros-sep\/\">Leer m\u00e1s<\/a><\/p>\n","protected":false},"author":5,"featured_media":58742,"comment_status":"closed","ping_status":"open","sticky":false,"template":"","format":"standard","meta":{"spay_email":"","footnotes":""},"categories":[37,8,39,52],"tags":[],"jetpack_featured_media_url":"https:\/\/i2.wp.com\/globalnewsmexico.com\/sitio\/wp-content\/uploads\/2020\/12\/1135282.jpg?fit=1024%2C683&ssl=1","jetpack_sharing_enabled":true,"jetpack_shortlink":"https:\/\/wp.me\/p9yqPL-fhr","jetpack_likes_enabled":true,"_links":{"self":[{"href":"https:\/\/globalnewsmexico.com\/sitio\/wp-json\/wp\/v2\/posts\/58741"}],"collection":[{"href":"https:\/\/globalnewsmexico.com\/sitio\/wp-json\/wp\/v2\/posts"}],"about":[{"href":"https:\/\/globalnewsmexico.com\/sitio\/wp-json\/wp\/v2\/types\/post"}],"author":[{"embeddable":true,"href":"https:\/\/globalnewsmexico.com\/sitio\/wp-json\/wp\/v2\/users\/5"}],"replies":[{"embeddable":true,"href":"https:\/\/globalnewsmexico.com\/sitio\/wp-json\/wp\/v2\/comments?post=58741"}],"version-history":[{"count":0,"href":"https:\/\/globalnewsmexico.com\/sitio\/wp-json\/wp\/v2\/posts\/58741\/revisions"}],"wp:featuredmedia":[{"embeddable":true,"href":"https:\/\/globalnewsmexico.com\/sitio\/wp-json\/wp\/v2\/media\/58742"}],"wp:attachment":[{"href":"https:\/\/globalnewsmexico.com\/sitio\/wp-json\/wp\/v2\/media?parent=58741"}],"wp:term":[{"taxonomy":"category","embeddable":true,"href":"https:\/\/globalnewsmexico.com\/sitio\/wp-json\/wp\/v2\/categories?post=58741"},{"taxonomy":"post_tag","embeddable":true,"href":"https:\/\/globalnewsmexico.com\/sitio\/wp-json\/wp\/v2\/tags?post=58741"}],"curies":[{"name":"wp","href":"https:\/\/api.w.org\/{rel}","templated":true}]}}