{"id":58783,"date":"2020-12-16T22:34:20","date_gmt":"2020-12-17T04:34:20","guid":{"rendered":"http:\/\/globalnewsmexico.com\/sitio\/?p=58783"},"modified":"2020-12-16T22:34:27","modified_gmt":"2020-12-17T04:34:27","slug":"salario-minimo-aumentara-15-en-2021-sera-de-141-70-pesos-diarios","status":"publish","type":"post","link":"https:\/\/globalnewsmexico.com\/sitio\/salario-minimo-aumentara-15-en-2021-sera-de-141-70-pesos-diarios\/","title":{"rendered":"Salario m\u00ednimo aumentar\u00e1 15 % en 2021; ser\u00e1 de 141.70 pesos diarios"},"content":{"rendered":"\n<p>Con\u00a0discrepancia del sector privado, pero concordancia del sector de los trabajadores y el Gobierno federal, se acord\u00f3 incrementar el\u00a0Salario M\u00ednimo General\u00a0(SMG) para el siguiente a\u00f1o en 15 por ciento, al pasar de 123.22 a 141.70 pesos diarios, mientras que en la zona fronteriza norte pasar\u00e1 de 185.56 a 213.39 pesos diarios.<\/p>\n\n\n\n<p>Fuentes cercanas a las negociaciones dijeron a\u00a0Milenio\u00a0que el sector empresarial no estuvo de acuerdo en el aumento, al considerar que ante las condiciones econ\u00f3micas del pa\u00eds y de las empresas tras el Covid-19, no es posible soportar un incremento \u201ctan fuerte\u201d. \u201cAun sin unanimidad, se aprueba por mayor\u00eda\u201d.<\/p>\n\n\n\n<p>\u00abEs un incremento de un 6 por ciento y un Monto Independiente de Recuperaci\u00f3n (MIR) de 10.46 por ciento. Para llegar a un monto de 141.70, con respecto a los salarios m\u00ednimos que rigen en la mayor parte del pa\u00eds, y para la zona libre de la frontera norte, tambi\u00e9n propusieron un fijaci\u00f3n de 15.75 pesos de MIR y 6 por ciento de aumento de fijaci\u00f3n llegando a un total de 213.39 pesos\u201d, explicaron.<\/p>\n\n\n\n<figure class=\"wp-block-image\"><img decoding=\"async\" src=\"https:\/\/i0.wp.com\/www.milenio.com\/uploads\/media\/2020\/12\/16\/el-salario-minimo-para-sera.jpg?w=800&#038;ssl=1\" alt=\"\" data-recalc-dims=\"1\"\/><\/figure>\n\n\n\n<p>Por su parte, la Confederaci\u00f3n Patronal de la Rep\u00fablica Mexicana (Coparmex) indic\u00f3 que, pese al voto en contra de los representantes de todas las organizaciones empresariales, la\u00a0Comisi\u00f3n Nacional de Salarios\u00a0M\u00ednimos\u00a0(Conasami) decret\u00f3 el incremento del 15 por ciento.<\/p>\n\n\n\n<p>\u00abCon la determinaci\u00f3n impuesta, se arroja a millones de microempresarios toda la carga del incremento, lo que combinado con la aceleraci\u00f3n de los contagios por la pandemia Covid-19 y el consecuente cierre de operaciones de m\u00e1s empresas, es inminente la quiebra de miles de negocios y la p\u00e9rdida de todav\u00eda m\u00e1s fuentes de trabajo\u00bb, indic\u00f3 en un comunicado.<\/p>\n\n\n\n<p>Fuente: Milenio<\/p>\n","protected":false},"excerpt":{"rendered":"<p>Con\u00a0discrepancia del sector privado, pero concordancia del sector de los trabajadores y el Gobierno federal, se acord\u00f3 incrementar el\u00a0Salario M\u00ednimo General\u00a0(SMG) para el siguiente a\u00f1o en 15 por ciento, al pasar de 123.22 a 141.70 pesos diarios, mientras que en la zona fronteriza norte pasar\u00e1 de 185.56 a 213.39 pesos diarios. Fuentes cercanas a las<a class=\"read-more\" href=\"https:\/\/globalnewsmexico.com\/sitio\/salario-minimo-aumentara-15-en-2021-sera-de-141-70-pesos-diarios\/\">Leer m\u00e1s<\/a><\/p>\n","protected":false},"author":5,"featured_media":58784,"comment_status":"closed","ping_status":"open","sticky":false,"template":"","format":"standard","meta":{"spay_email":"","footnotes":""},"categories":[37,8,39,52],"tags":[],"jetpack_featured_media_url":"https:\/\/i2.wp.com\/globalnewsmexico.com\/sitio\/wp-content\/uploads\/2020\/12\/Salario-m\u00ednimo-M\u00e9xico.jpg?fit=1024%2C639&ssl=1","jetpack_sharing_enabled":true,"jetpack_shortlink":"https:\/\/wp.me\/p9yqPL-fi7","jetpack_likes_enabled":true,"_links":{"self":[{"href":"https:\/\/globalnewsmexico.com\/sitio\/wp-json\/wp\/v2\/posts\/58783"}],"collection":[{"href":"https:\/\/globalnewsmexico.com\/sitio\/wp-json\/wp\/v2\/posts"}],"about":[{"href":"https:\/\/globalnewsmexico.com\/sitio\/wp-json\/wp\/v2\/types\/post"}],"author":[{"embeddable":true,"href":"https:\/\/globalnewsmexico.com\/sitio\/wp-json\/wp\/v2\/users\/5"}],"replies":[{"embeddable":true,"href":"https:\/\/globalnewsmexico.com\/sitio\/wp-json\/wp\/v2\/comments?post=58783"}],"version-history":[{"count":0,"href":"https:\/\/globalnewsmexico.com\/sitio\/wp-json\/wp\/v2\/posts\/58783\/revisions"}],"wp:featuredmedia":[{"embeddable":true,"href":"https:\/\/globalnewsmexico.com\/sitio\/wp-json\/wp\/v2\/media\/58784"}],"wp:attachment":[{"href":"https:\/\/globalnewsmexico.com\/sitio\/wp-json\/wp\/v2\/media?parent=58783"}],"wp:term":[{"taxonomy":"category","embeddable":true,"href":"https:\/\/globalnewsmexico.com\/sitio\/wp-json\/wp\/v2\/categories?post=58783"},{"taxonomy":"post_tag","embeddable":true,"href":"https:\/\/globalnewsmexico.com\/sitio\/wp-json\/wp\/v2\/tags?post=58783"}],"curies":[{"name":"wp","href":"https:\/\/api.w.org\/{rel}","templated":true}]}}