{"id":58787,"date":"2020-12-16T23:01:41","date_gmt":"2020-12-17T05:01:41","guid":{"rendered":"http:\/\/globalnewsmexico.com\/sitio\/?p=58787"},"modified":"2020-12-16T23:01:50","modified_gmt":"2020-12-17T05:01:50","slug":"uruguay-cierra-sus-fronteras-hasta-el-10-de-enero-por-covid","status":"publish","type":"post","link":"https:\/\/globalnewsmexico.com\/sitio\/uruguay-cierra-sus-fronteras-hasta-el-10-de-enero-por-covid\/","title":{"rendered":"Uruguay cierra sus fronteras hasta el 10 de enero por Covid"},"content":{"rendered":"\n<p>El presidente de\u00a0Uruguay, Luis Lacalle Pou, anunci\u00f3\u00a0este mi\u00e9rcoles nuevas\u00a0medidas para intentar contener el aumento\u00a0de casos de Covid-19, entre ellas la restricci\u00f3n de los\u00a0ingresos al pa\u00eds entre el 21 de diciembre\u00a0y el 10 de enero.<\/p>\n\n\n\n<p>Los\u00a0ciudadanos uruguayos\u00a0que ya hayan adquirido un\u00a0pasaje y el transporte de carga\u00a0estar\u00e1n, sin embargo, exentos de esa medida, que puede\u00a0tener efectos a\u00fan m\u00e1s negativos\u00a0sobre una temporada de verano austral que ya se anunciaba muy negativa para los operadores tur\u00edsticos.\u00a0<\/p>\n\n\n\n<p>\u00abCon pesar, tomamos la decisi\u00f3n de suspender el ingreso al pa\u00eds entre los d\u00edas 21 de diciembre y 10 de enero (&#8230;) que nos cuesta mucho porque sabemos que hay miles de uruguayos que en las fiestas retornan al pa\u00eds a visitar a sus familias\u00bb, dijo el mandatario en rueda de prensa.<\/p>\n\n\n\n<p>Hasta ahora, el pa\u00eds permit\u00eda el ingreso desde el extranjero a uruguayos, residentes o por temas laborales o familiares, entre algunas otras excepciones.<\/p>\n\n\n\n<p>Otros de los anuncios\u00a0fueron la suspensi\u00f3n de los espect\u00e1culos p\u00fablicos tambi\u00e9n hasta el 10 de enero, la reglamentaci\u00f3n del derecho de reuni\u00f3n y la ratificaci\u00f3n del cierre de pubs y restaurantes a medianoche.<\/p>\n\n\n\n<p>El Parlamento deber\u00e1 tratar los decretos que emita el gobierno para ejecutar estas medidas.<\/p>\n\n\n\n<p>\u00abLa segunda ola del mundo es nuestra primera ola\u00bb, dijo el presidente en su conferencia, destacando que los n\u00fameros de Covid-19 en Uruguay contin\u00faan siendo m\u00e1s benignos que los de muchos otros pa\u00edses.<\/p>\n\n\n\n<p>Uruguay conoce, sin embargo, desde el mes pasado un crecimiento exponencial de los casos de Covid-19, y suma 10 mil 893 contagios y 102 muertes por la enfermedad en una poblaci\u00f3n de 3.4 millones de personas.<\/p>\n\n\n\n<p>En las \u00faltimas 24 horas se registraron en el pa\u00eds 476 nuevos contagios y cuatro fallecimientos, el dato m\u00e1s elevado desde marzo, seg\u00fan cifras oficiales.<\/p>\n\n\n\n<p>Fuente: Agencias<\/p>\n","protected":false},"excerpt":{"rendered":"<p>El presidente de\u00a0Uruguay, Luis Lacalle Pou, anunci\u00f3\u00a0este mi\u00e9rcoles nuevas\u00a0medidas para intentar contener el aumento\u00a0de casos de Covid-19, entre ellas la restricci\u00f3n de los\u00a0ingresos al pa\u00eds entre el 21 de diciembre\u00a0y el 10 de enero. Los\u00a0ciudadanos uruguayos\u00a0que ya hayan adquirido un\u00a0pasaje y el transporte de carga\u00a0estar\u00e1n, sin embargo, exentos de esa medida, que puede\u00a0tener efectos a\u00fan<a class=\"read-more\" href=\"https:\/\/globalnewsmexico.com\/sitio\/uruguay-cierra-sus-fronteras-hasta-el-10-de-enero-por-covid\/\">Leer m\u00e1s<\/a><\/p>\n","protected":false},"author":5,"featured_media":58788,"comment_status":"closed","ping_status":"open","sticky":false,"template":"","format":"standard","meta":{"spay_email":"","footnotes":""},"categories":[37,8,48,52],"tags":[],"jetpack_featured_media_url":"https:\/\/i1.wp.com\/globalnewsmexico.com\/sitio\/wp-content\/uploads\/2020\/12\/2497743.jpg?fit=1024%2C768&ssl=1","jetpack_sharing_enabled":true,"jetpack_shortlink":"https:\/\/wp.me\/p9yqPL-fib","jetpack_likes_enabled":true,"_links":{"self":[{"href":"https:\/\/globalnewsmexico.com\/sitio\/wp-json\/wp\/v2\/posts\/58787"}],"collection":[{"href":"https:\/\/globalnewsmexico.com\/sitio\/wp-json\/wp\/v2\/posts"}],"about":[{"href":"https:\/\/globalnewsmexico.com\/sitio\/wp-json\/wp\/v2\/types\/post"}],"author":[{"embeddable":true,"href":"https:\/\/globalnewsmexico.com\/sitio\/wp-json\/wp\/v2\/users\/5"}],"replies":[{"embeddable":true,"href":"https:\/\/globalnewsmexico.com\/sitio\/wp-json\/wp\/v2\/comments?post=58787"}],"version-history":[{"count":0,"href":"https:\/\/globalnewsmexico.com\/sitio\/wp-json\/wp\/v2\/posts\/58787\/revisions"}],"wp:featuredmedia":[{"embeddable":true,"href":"https:\/\/globalnewsmexico.com\/sitio\/wp-json\/wp\/v2\/media\/58788"}],"wp:attachment":[{"href":"https:\/\/globalnewsmexico.com\/sitio\/wp-json\/wp\/v2\/media?parent=58787"}],"wp:term":[{"taxonomy":"category","embeddable":true,"href":"https:\/\/globalnewsmexico.com\/sitio\/wp-json\/wp\/v2\/categories?post=58787"},{"taxonomy":"post_tag","embeddable":true,"href":"https:\/\/globalnewsmexico.com\/sitio\/wp-json\/wp\/v2\/tags?post=58787"}],"curies":[{"name":"wp","href":"https:\/\/api.w.org\/{rel}","templated":true}]}}