{"id":58845,"date":"2020-12-17T18:30:41","date_gmt":"2020-12-18T00:30:41","guid":{"rendered":"http:\/\/globalnewsmexico.com\/sitio\/?p=58845"},"modified":"2020-12-17T18:30:56","modified_gmt":"2020-12-18T00:30:56","slug":"muere-el-cronista-deportivo-alfonso-morales","status":"publish","type":"post","link":"https:\/\/globalnewsmexico.com\/sitio\/muere-el-cronista-deportivo-alfonso-morales\/","title":{"rendered":"Muere el cronista deportivo Alfonso Morales"},"content":{"rendered":"\n<p>El legendario cronista deportivo\u00a0Alfonso Morales, uno de los m\u00e1ximos referentes mexicanos en\u00a0el mundo del boxeo y la lucha libre, falleci\u00f3 este 17 de diciembre, seg\u00fan confirm\u00f3 su sobrino, Leonardo Ria\u00f1o, en la Ciudad de M\u00e9xico, a la edad de 71 a\u00f1os.<\/p>\n\n\n\n<p>Originario de Huetamo, Michoac\u00e1n,\u00a0Morales Villela\u00a0se entreg\u00f3 a la cr\u00f3nica deportiva desde los a\u00f1os 80, aunque su carrera comenz\u00f3 en los a\u00f1os 70 como periodista deportivo. Graduado en Psiquiatr\u00eda, comenz\u00f3 su andar en los medios en\u00a0<em>Canal 11<\/em>, y luego pas\u00f3 a las filas de\u00a0<em>Televisa<\/em>, donde alcanz\u00f3 una carrera de m\u00e1s de 45 a\u00f1os.<\/p>\n\n\n\n<p>Se convirti\u00f3 en una de las voces m\u00e1s reconocidas del\u00a0boxeo mexicano\u00a0y estamp\u00f3 su sello en la cr\u00f3nica de la lucha libre. Los s\u00e1bados de boxeo con la voz del\u00a0Dr. Alfonso Morales\u00a0se hicieron una aut\u00e9ntica tradici\u00f3n y al lado de otros grandes de la cr\u00f3nica deportiva dentro de los ensogados como &#8216;Sonny&#8217; Alarc\u00f3n, Antonio Andere y Arturo \u2018Rudo\u2019 Rivera.<\/p>\n\n\n\n<p>\u201cHace unos minutos falleci\u00f3 mi t\u00edo, mi gran maestro y amigo el doctor\u00a0Alfonso Morales. Su hermana Lul\u00fa, su hermano Armando, Ofe y yo lo hemos acompa\u00f1ado en una dura pelea frente a una deficiencia renal. Gracias a todos por su cari\u00f1o a un enorme ser humano\u201d, escribi\u00f3 el cronista Leonardo Ria\u00f1o al hacer el lamentable anuncio del fallecimiento.<\/p>\n\n\n\n<p>Fuente: ESPN<\/p>\n","protected":false},"excerpt":{"rendered":"<p>El legendario cronista deportivo\u00a0Alfonso Morales, uno de los m\u00e1ximos referentes mexicanos en\u00a0el mundo del boxeo y la lucha libre, falleci\u00f3 este 17 de diciembre, seg\u00fan confirm\u00f3 su sobrino, Leonardo Ria\u00f1o, en la Ciudad de M\u00e9xico, a la edad de 71 a\u00f1os. Originario de Huetamo, Michoac\u00e1n,\u00a0Morales Villela\u00a0se entreg\u00f3 a la cr\u00f3nica deportiva desde los a\u00f1os 80,<a class=\"read-more\" href=\"https:\/\/globalnewsmexico.com\/sitio\/muere-el-cronista-deportivo-alfonso-morales\/\">Leer m\u00e1s<\/a><\/p>\n","protected":false},"author":5,"featured_media":58846,"comment_status":"closed","ping_status":"open","sticky":false,"template":"","format":"standard","meta":{"spay_email":"","footnotes":""},"categories":[37,8,50,52],"tags":[],"jetpack_featured_media_url":"https:\/\/i0.wp.com\/globalnewsmexico.com\/sitio\/wp-content\/uploads\/2020\/12\/alfonso-morales.jpg?fit=1024%2C577&ssl=1","jetpack_sharing_enabled":true,"jetpack_shortlink":"https:\/\/wp.me\/p9yqPL-fj7","jetpack_likes_enabled":true,"_links":{"self":[{"href":"https:\/\/globalnewsmexico.com\/sitio\/wp-json\/wp\/v2\/posts\/58845"}],"collection":[{"href":"https:\/\/globalnewsmexico.com\/sitio\/wp-json\/wp\/v2\/posts"}],"about":[{"href":"https:\/\/globalnewsmexico.com\/sitio\/wp-json\/wp\/v2\/types\/post"}],"author":[{"embeddable":true,"href":"https:\/\/globalnewsmexico.com\/sitio\/wp-json\/wp\/v2\/users\/5"}],"replies":[{"embeddable":true,"href":"https:\/\/globalnewsmexico.com\/sitio\/wp-json\/wp\/v2\/comments?post=58845"}],"version-history":[{"count":0,"href":"https:\/\/globalnewsmexico.com\/sitio\/wp-json\/wp\/v2\/posts\/58845\/revisions"}],"wp:featuredmedia":[{"embeddable":true,"href":"https:\/\/globalnewsmexico.com\/sitio\/wp-json\/wp\/v2\/media\/58846"}],"wp:attachment":[{"href":"https:\/\/globalnewsmexico.com\/sitio\/wp-json\/wp\/v2\/media?parent=58845"}],"wp:term":[{"taxonomy":"category","embeddable":true,"href":"https:\/\/globalnewsmexico.com\/sitio\/wp-json\/wp\/v2\/categories?post=58845"},{"taxonomy":"post_tag","embeddable":true,"href":"https:\/\/globalnewsmexico.com\/sitio\/wp-json\/wp\/v2\/tags?post=58845"}],"curies":[{"name":"wp","href":"https:\/\/api.w.org\/{rel}","templated":true}]}}