{"id":58897,"date":"2020-12-18T18:38:46","date_gmt":"2020-12-19T00:38:46","guid":{"rendered":"http:\/\/globalnewsmexico.com\/sitio\/?p=58897"},"modified":"2020-12-18T18:38:50","modified_gmt":"2020-12-19T00:38:50","slug":"reconocen-importancia-de-tratados-de-cordoba-se-promovera-su-relevancia-a-nivel-nacional","status":"publish","type":"post","link":"https:\/\/globalnewsmexico.com\/sitio\/reconocen-importancia-de-tratados-de-cordoba-se-promovera-su-relevancia-a-nivel-nacional\/","title":{"rendered":"Reconocen importancia de Tratados de C\u00f3rdoba; se promover\u00e1 su relevancia a nivel nacional"},"content":{"rendered":"\n<p>Este viernes se instal\u00f3 el Consejo Veracruzano de Conmemoraciones 2021, en el que participa la presidenta municipal de C\u00f3rdoba, Leticia L\u00f3pez Landero, instancia que permitir\u00e1 resaltar la importancia de los Tratados de C\u00f3rdoba en el marco de la conmemoraci\u00f3n del bicentenario de la Independencia de M\u00e9xico.<\/p>\n\n\n\n<p>\u201cLos Tratados de C\u00f3rdoba son origen de M\u00e9xico y orgullo de Veracruz, por eso es un gran honor representar a los municipios de Veracruz en este Consejo que nos permitir\u00e1 poner en alto el nombre de C\u00f3rdoba\u201d, dijo la presidenta municipal.<\/p>\n\n\n\n<p>El Consejo es encabezado por el gobernador Cuitl\u00e1huac Garcia Jim\u00e9nez y cuenta con la participaci\u00f3n de representantes de diversas instancias del Gobierno del Estado, as\u00ed como de los sectores acad\u00e9mico, empresarial y la sociedad civil.<\/p>\n\n\n\n<p>\u201cAcontecimientos hist\u00f3ricos, como los Tratados de C\u00f3rdoba, que han dado vida y forma a nuestro pa\u00eds, los vamos a conmemorar y destacar de forma coordinada para darle el lugar que se merece este hecho hist\u00f3rico a nivel nacional\u201d, dijo L\u00f3pez Landero al reconocer la iniciativa del Gobierno del Estado en la materia.<\/p>\n\n\n\n<p>La presidenta municipal de C\u00f3rdoba se\u00f1al\u00f3 que su gobierno ha impulsado el reconocimiento de los Tratados de C\u00f3rdoba y ahora se cuenta con una plataforma coordinada interdisciplinaria, que promueve la relevancia cultura e hist\u00f3rica de nuestra ciudad.<\/p>\n","protected":false},"excerpt":{"rendered":"<p>Este viernes se instal\u00f3 el Consejo Veracruzano de Conmemoraciones 2021, en el que participa la presidenta municipal de C\u00f3rdoba, Leticia L\u00f3pez Landero, instancia que permitir\u00e1 resaltar la importancia de los Tratados de C\u00f3rdoba en el marco de la conmemoraci\u00f3n del bicentenario de la Independencia de M\u00e9xico. \u201cLos Tratados de C\u00f3rdoba son origen de M\u00e9xico y<a class=\"read-more\" href=\"https:\/\/globalnewsmexico.com\/sitio\/reconocen-importancia-de-tratados-de-cordoba-se-promovera-su-relevancia-a-nivel-nacional\/\">Leer m\u00e1s<\/a><\/p>\n","protected":false},"author":5,"featured_media":58898,"comment_status":"closed","ping_status":"open","sticky":false,"template":"","format":"standard","meta":{"spay_email":"","footnotes":""},"categories":[37,8,50,52],"tags":[],"jetpack_featured_media_url":"https:\/\/i1.wp.com\/globalnewsmexico.com\/sitio\/wp-content\/uploads\/2020\/12\/8c9ab5bd-e42a-43a6-9fbf-cb79f0600440.jpg?fit=1280%2C853&ssl=1","jetpack_sharing_enabled":true,"jetpack_shortlink":"https:\/\/wp.me\/p9yqPL-fjX","jetpack_likes_enabled":true,"_links":{"self":[{"href":"https:\/\/globalnewsmexico.com\/sitio\/wp-json\/wp\/v2\/posts\/58897"}],"collection":[{"href":"https:\/\/globalnewsmexico.com\/sitio\/wp-json\/wp\/v2\/posts"}],"about":[{"href":"https:\/\/globalnewsmexico.com\/sitio\/wp-json\/wp\/v2\/types\/post"}],"author":[{"embeddable":true,"href":"https:\/\/globalnewsmexico.com\/sitio\/wp-json\/wp\/v2\/users\/5"}],"replies":[{"embeddable":true,"href":"https:\/\/globalnewsmexico.com\/sitio\/wp-json\/wp\/v2\/comments?post=58897"}],"version-history":[{"count":0,"href":"https:\/\/globalnewsmexico.com\/sitio\/wp-json\/wp\/v2\/posts\/58897\/revisions"}],"wp:featuredmedia":[{"embeddable":true,"href":"https:\/\/globalnewsmexico.com\/sitio\/wp-json\/wp\/v2\/media\/58898"}],"wp:attachment":[{"href":"https:\/\/globalnewsmexico.com\/sitio\/wp-json\/wp\/v2\/media?parent=58897"}],"wp:term":[{"taxonomy":"category","embeddable":true,"href":"https:\/\/globalnewsmexico.com\/sitio\/wp-json\/wp\/v2\/categories?post=58897"},{"taxonomy":"post_tag","embeddable":true,"href":"https:\/\/globalnewsmexico.com\/sitio\/wp-json\/wp\/v2\/tags?post=58897"}],"curies":[{"name":"wp","href":"https:\/\/api.w.org\/{rel}","templated":true}]}}