{"id":58905,"date":"2020-12-18T20:46:03","date_gmt":"2020-12-19T02:46:03","guid":{"rendered":"http:\/\/globalnewsmexico.com\/sitio\/?p=58905"},"modified":"2020-12-18T20:46:18","modified_gmt":"2020-12-19T02:46:18","slug":"veracruz-regresa-a-semaforo-amarillo-por-covid-19-seis-estados-podrian-pasar-a-rojo","status":"publish","type":"post","link":"https:\/\/globalnewsmexico.com\/sitio\/veracruz-regresa-a-semaforo-amarillo-por-covid-19-seis-estados-podrian-pasar-a-rojo\/","title":{"rendered":"Veracruz regresa a sem\u00e1foro amarillo por Covid-19; seis estados podr\u00edan pasar a rojo"},"content":{"rendered":"\n<p>El estado de Veracruz regres\u00f3 al color amarillo en el sem\u00e1foro epidemiol\u00f3gico de Covid-19, tras estar en verde la quincena pasada, inform\u00f3 la Secretar\u00eda de Salud federal.<\/p>\n\n\n\n<p>En conferencia de prensa, el director de Promoci\u00f3n de la Salud, Ricardo Cort\u00e9s Alcal\u00e1, present\u00f3 el sem\u00e1foro epidemiol\u00f3gico que estar\u00e1 vigente del 21 de\u00a0diciembre al 3 de enero de 2021.<\/p>\n\n\n\n<p>En el sem\u00e1foro presentado este viernes hay 24 estados en naranja, tres en amarillo, tres en rojo y dos en verde.<\/p>\n\n\n\n<h3 class=\"wp-block-heading\"><strong>Hay 6 estados en riesgo de pasar a sem\u00e1foro rojo<\/strong><\/h3>\n\n\n\n<p>De acuerdo con la Secretar\u00eda de Salud, Sonora, Zacatecas, Guanajuato, Quer\u00e9taro, Aguascalientes e Hidalgo son las\u00a0seis entidades que podr\u00edan pasar a sem\u00e1foro rojo\u00a0de no seguirse las medidas indicadas.<\/p>\n\n\n\n<p>Baja California, Colima, Guerrero, Colima, Estado de M\u00e9xico, Guerrero, Hidalgo, Morelos, Oaxaca, Puebla, Tabasco, Tlaxcala y Veracruz son las entidades que\u00a0han incrementado su n\u00famero de contagios, por lo que recomend\u00f3 quedarse en casa y seguir las medidas de sana distancia.<\/p>\n\n\n\n<p>Mientras que Chiapas y Campeche se mantienen en sem\u00e1foro verde, el \u00faltimo nivel de los colores, el cual no indica que se pueden relajar las medidas, sino que pueden abrirse m\u00e1s comercios y lugares para reactivar la econom\u00eda del pa\u00eds.<\/p>\n\n\n\n<p>Fuente: Xeu Noticias<\/p>\n","protected":false},"excerpt":{"rendered":"<p>El estado de Veracruz regres\u00f3 al color amarillo en el sem\u00e1foro epidemiol\u00f3gico de Covid-19, tras estar en verde la quincena pasada, inform\u00f3 la Secretar\u00eda de Salud federal. En conferencia de prensa, el director de Promoci\u00f3n de la Salud, Ricardo Cort\u00e9s Alcal\u00e1, present\u00f3 el sem\u00e1foro epidemiol\u00f3gico que estar\u00e1 vigente del 21 de\u00a0diciembre al 3 de enero<a class=\"read-more\" href=\"https:\/\/globalnewsmexico.com\/sitio\/veracruz-regresa-a-semaforo-amarillo-por-covid-19-seis-estados-podrian-pasar-a-rojo\/\">Leer m\u00e1s<\/a><\/p>\n","protected":false},"author":5,"featured_media":58906,"comment_status":"closed","ping_status":"open","sticky":false,"template":"","format":"standard","meta":{"spay_email":"","footnotes":""},"categories":[37,8,39,52],"tags":[],"jetpack_featured_media_url":"https:\/\/i2.wp.com\/globalnewsmexico.com\/sitio\/wp-content\/uploads\/2020\/12\/1135665.jpg?fit=1024%2C539&ssl=1","jetpack_sharing_enabled":true,"jetpack_shortlink":"https:\/\/wp.me\/p9yqPL-fk5","jetpack_likes_enabled":true,"_links":{"self":[{"href":"https:\/\/globalnewsmexico.com\/sitio\/wp-json\/wp\/v2\/posts\/58905"}],"collection":[{"href":"https:\/\/globalnewsmexico.com\/sitio\/wp-json\/wp\/v2\/posts"}],"about":[{"href":"https:\/\/globalnewsmexico.com\/sitio\/wp-json\/wp\/v2\/types\/post"}],"author":[{"embeddable":true,"href":"https:\/\/globalnewsmexico.com\/sitio\/wp-json\/wp\/v2\/users\/5"}],"replies":[{"embeddable":true,"href":"https:\/\/globalnewsmexico.com\/sitio\/wp-json\/wp\/v2\/comments?post=58905"}],"version-history":[{"count":0,"href":"https:\/\/globalnewsmexico.com\/sitio\/wp-json\/wp\/v2\/posts\/58905\/revisions"}],"wp:featuredmedia":[{"embeddable":true,"href":"https:\/\/globalnewsmexico.com\/sitio\/wp-json\/wp\/v2\/media\/58906"}],"wp:attachment":[{"href":"https:\/\/globalnewsmexico.com\/sitio\/wp-json\/wp\/v2\/media?parent=58905"}],"wp:term":[{"taxonomy":"category","embeddable":true,"href":"https:\/\/globalnewsmexico.com\/sitio\/wp-json\/wp\/v2\/categories?post=58905"},{"taxonomy":"post_tag","embeddable":true,"href":"https:\/\/globalnewsmexico.com\/sitio\/wp-json\/wp\/v2\/tags?post=58905"}],"curies":[{"name":"wp","href":"https:\/\/api.w.org\/{rel}","templated":true}]}}