{"id":58930,"date":"2020-12-19T14:31:51","date_gmt":"2020-12-19T20:31:51","guid":{"rendered":"http:\/\/globalnewsmexico.com\/sitio\/?p=58930"},"modified":"2020-12-19T14:31:56","modified_gmt":"2020-12-19T20:31:56","slug":"detienen-a-exalcalde-de-san-juan-evangelista-veracruz","status":"publish","type":"post","link":"https:\/\/globalnewsmexico.com\/sitio\/detienen-a-exalcalde-de-san-juan-evangelista-veracruz\/","title":{"rendered":"Detienen a exalcalde de San Juan Evangelista, Veracruz"},"content":{"rendered":"\n<p>Abel V\u00e1zquez Gonz\u00e1lez, exalcalde\u00a0de San Juan Evangelista, Veracruz, fue detenido esta tarde por elementos de la Fuerza Civil, en las instalaciones de la\u00a0Asociaci\u00f3n Ganadera Local de Sayula de\u00a0Alem\u00e1n.\u00a0<\/p>\n\n\n\n<p>Hasta el momento no se ha precisado el motivo de la detenci\u00f3n; sin embargo, los primeros reportes indican que el&nbsp;tambi\u00e9n&nbsp;citricultor&nbsp;y ganadero hab\u00eda sido seguido por la Fuerza Civil desde Villa Juanita, perteneciente a San Juan Evangelista.&nbsp;<\/p>\n\n\n\n<p>El exedil&nbsp;pri\u00edsta&nbsp;intent\u00f3 resguardarse en la Asociaci\u00f3n Ganadera de Sayula de&nbsp;Alem\u00e1n, donde finalmente fue detenido por las autoridades policiacas, las cuales realizaron detonaciones de arma de fuego en el lugar.&nbsp;<\/p>\n\n\n\n<p>Tras lo ocurrido, el exalcalde y cinco j\u00f3venes -entre ellos uno de sus hijos- fueron trasladados a las instalaciones de la Secretar\u00eda de Seguridad P\u00fablica de Acayucan.<\/p>\n","protected":false},"excerpt":{"rendered":"<p>Abel V\u00e1zquez Gonz\u00e1lez, exalcalde\u00a0de San Juan Evangelista, Veracruz, fue detenido esta tarde por elementos de la Fuerza Civil, en las instalaciones de la\u00a0Asociaci\u00f3n Ganadera Local de Sayula de\u00a0Alem\u00e1n.\u00a0 Hasta el momento no se ha precisado el motivo de la detenci\u00f3n; sin embargo, los primeros reportes indican que el&nbsp;tambi\u00e9n&nbsp;citricultor&nbsp;y ganadero hab\u00eda sido seguido por la Fuerza<a class=\"read-more\" href=\"https:\/\/globalnewsmexico.com\/sitio\/detienen-a-exalcalde-de-san-juan-evangelista-veracruz\/\">Leer m\u00e1s<\/a><\/p>\n","protected":false},"author":5,"featured_media":58932,"comment_status":"closed","ping_status":"open","sticky":false,"template":"","format":"standard","meta":{"spay_email":"","footnotes":""},"categories":[37,8,39,52],"tags":[],"jetpack_featured_media_url":"https:\/\/i0.wp.com\/globalnewsmexico.com\/sitio\/wp-content\/uploads\/2020\/12\/Captura-7.jpg?fit=1024%2C735&ssl=1","jetpack_sharing_enabled":true,"jetpack_shortlink":"https:\/\/wp.me\/p9yqPL-fku","jetpack_likes_enabled":true,"_links":{"self":[{"href":"https:\/\/globalnewsmexico.com\/sitio\/wp-json\/wp\/v2\/posts\/58930"}],"collection":[{"href":"https:\/\/globalnewsmexico.com\/sitio\/wp-json\/wp\/v2\/posts"}],"about":[{"href":"https:\/\/globalnewsmexico.com\/sitio\/wp-json\/wp\/v2\/types\/post"}],"author":[{"embeddable":true,"href":"https:\/\/globalnewsmexico.com\/sitio\/wp-json\/wp\/v2\/users\/5"}],"replies":[{"embeddable":true,"href":"https:\/\/globalnewsmexico.com\/sitio\/wp-json\/wp\/v2\/comments?post=58930"}],"version-history":[{"count":0,"href":"https:\/\/globalnewsmexico.com\/sitio\/wp-json\/wp\/v2\/posts\/58930\/revisions"}],"wp:featuredmedia":[{"embeddable":true,"href":"https:\/\/globalnewsmexico.com\/sitio\/wp-json\/wp\/v2\/media\/58932"}],"wp:attachment":[{"href":"https:\/\/globalnewsmexico.com\/sitio\/wp-json\/wp\/v2\/media?parent=58930"}],"wp:term":[{"taxonomy":"category","embeddable":true,"href":"https:\/\/globalnewsmexico.com\/sitio\/wp-json\/wp\/v2\/categories?post=58930"},{"taxonomy":"post_tag","embeddable":true,"href":"https:\/\/globalnewsmexico.com\/sitio\/wp-json\/wp\/v2\/tags?post=58930"}],"curies":[{"name":"wp","href":"https:\/\/api.w.org\/{rel}","templated":true}]}}