{"id":58939,"date":"2020-12-19T19:45:01","date_gmt":"2020-12-20T01:45:01","guid":{"rendered":"http:\/\/globalnewsmexico.com\/sitio\/?p=58939"},"modified":"2020-12-19T19:45:07","modified_gmt":"2020-12-20T01:45:07","slug":"amlo-habla-con-joe-biden-trabajaremos-juntos-dice","status":"publish","type":"post","link":"https:\/\/globalnewsmexico.com\/sitio\/amlo-habla-con-joe-biden-trabajaremos-juntos-dice\/","title":{"rendered":"AMLO habla con Joe Biden; trabajaremos juntos, dice"},"content":{"rendered":"\n<p>El presidente Andr\u00e9s Manuel L\u00f3pez Obrador&nbsp;inform\u00f3 este s\u00e1bado que habl\u00f3 con el presidente electo de Estados Unidos, Joe Biden; asegur\u00f3 que trabajar\u00e1n juntos por el bienestar de ambos pa\u00edses.<\/p>\n\n\n\n<p>A trav\u00e9s de su cuenta de Twitter, el mandatario federal escribi\u00f3:<\/p>\n\n\n\n<p>\u00abDesde el hist\u00f3rico Ayuntamiento de Valladolid, Yucat\u00e1n, he conversado por tel\u00e9fono con el presidente electo de Estados Unidos, Joseph Biden. Reafirmamos el compromiso de trabajar juntos por el bienestar de nuestros pueblos y naciones\u00bb.<\/p>\n\n\n\n<figure class=\"wp-block-embed-twitter aligncenter wp-block-embed is-type-rich is-provider-twitter\"><div class=\"wp-block-embed__wrapper\">\n<blockquote class=\"twitter-tweet\" data-width=\"550\" data-dnt=\"true\"><p lang=\"es\" dir=\"ltr\">Desde el hist\u00f3rico ayuntamiento de Valladolid, Yucat\u00e1n, he conversado por tel\u00e9fono con el presidente electo de Estados Unidos, Joseph Biden. Reafirmamos el compromiso de trabajar juntos por el bienestar de nuestros pueblos y naciones. <a href=\"https:\/\/t.co\/SFAZR9H0NP\">pic.twitter.com\/SFAZR9H0NP<\/a><\/p>&mdash; Andr\u00e9s Manuel (@lopezobrador_) <a href=\"https:\/\/twitter.com\/lopezobrador_\/status\/1340448798775001088?ref_src=twsrc%5Etfw\">December 20, 2020<\/a><\/blockquote><script async src=\"https:\/\/platform.twitter.com\/widgets.js\" charset=\"utf-8\"><\/script>\n<\/div><\/figure>\n\n\n\n<p>En tanto, el canciller Marcelo Ebrard, al responder el mensaje de L\u00f3pez Obrador,\u00a0calific\u00f3 como \u00abcordial\u00bb la\u00a0conversaci\u00f3n entre los Joe Biden y el presidente de M\u00e9xico.<\/p>\n\n\n\n<figure class=\"wp-block-embed-twitter aligncenter wp-block-embed is-type-rich is-provider-twitter\"><div class=\"wp-block-embed__wrapper\">\n<blockquote class=\"twitter-tweet\" data-width=\"550\" data-dnt=\"true\"><p lang=\"es\" dir=\"ltr\">Fue una cordial conversaci\u00f3n. Habr\u00e1 amplia cooperaci\u00f3n bilateral y muy buena relaci\u00f3n entre los presidentes de M\u00e9xico y Estados Unidos. Buenas noticias!!!<\/p>&mdash; Marcelo Ebrard C. (@m_ebrard) <a href=\"https:\/\/twitter.com\/m_ebrard\/status\/1340450300503724032?ref_src=twsrc%5Etfw\">December 20, 2020<\/a><\/blockquote><script async src=\"https:\/\/platform.twitter.com\/widgets.js\" charset=\"utf-8\"><\/script>\n<\/div><\/figure>\n\n\n\n<p>Fuente: Xeu Noticias<\/p>\n","protected":false},"excerpt":{"rendered":"<p>El presidente Andr\u00e9s Manuel L\u00f3pez Obrador&nbsp;inform\u00f3 este s\u00e1bado que habl\u00f3 con el presidente electo de Estados Unidos, Joe Biden; asegur\u00f3 que trabajar\u00e1n juntos por el bienestar de ambos pa\u00edses. A trav\u00e9s de su cuenta de Twitter, el mandatario federal escribi\u00f3: \u00abDesde el hist\u00f3rico Ayuntamiento de Valladolid, Yucat\u00e1n, he conversado por tel\u00e9fono con el presidente electo<a class=\"read-more\" href=\"https:\/\/globalnewsmexico.com\/sitio\/amlo-habla-con-joe-biden-trabajaremos-juntos-dice\/\">Leer m\u00e1s<\/a><\/p>\n","protected":false},"author":5,"featured_media":58940,"comment_status":"closed","ping_status":"open","sticky":false,"template":"","format":"standard","meta":{"spay_email":"","footnotes":""},"categories":[37,8,39,52],"tags":[],"jetpack_featured_media_url":"https:\/\/i2.wp.com\/globalnewsmexico.com\/sitio\/wp-content\/uploads\/2020\/12\/1135772.jpg?fit=1024%2C576&ssl=1","jetpack_sharing_enabled":true,"jetpack_shortlink":"https:\/\/wp.me\/p9yqPL-fkD","jetpack_likes_enabled":true,"_links":{"self":[{"href":"https:\/\/globalnewsmexico.com\/sitio\/wp-json\/wp\/v2\/posts\/58939"}],"collection":[{"href":"https:\/\/globalnewsmexico.com\/sitio\/wp-json\/wp\/v2\/posts"}],"about":[{"href":"https:\/\/globalnewsmexico.com\/sitio\/wp-json\/wp\/v2\/types\/post"}],"author":[{"embeddable":true,"href":"https:\/\/globalnewsmexico.com\/sitio\/wp-json\/wp\/v2\/users\/5"}],"replies":[{"embeddable":true,"href":"https:\/\/globalnewsmexico.com\/sitio\/wp-json\/wp\/v2\/comments?post=58939"}],"version-history":[{"count":0,"href":"https:\/\/globalnewsmexico.com\/sitio\/wp-json\/wp\/v2\/posts\/58939\/revisions"}],"wp:featuredmedia":[{"embeddable":true,"href":"https:\/\/globalnewsmexico.com\/sitio\/wp-json\/wp\/v2\/media\/58940"}],"wp:attachment":[{"href":"https:\/\/globalnewsmexico.com\/sitio\/wp-json\/wp\/v2\/media?parent=58939"}],"wp:term":[{"taxonomy":"category","embeddable":true,"href":"https:\/\/globalnewsmexico.com\/sitio\/wp-json\/wp\/v2\/categories?post=58939"},{"taxonomy":"post_tag","embeddable":true,"href":"https:\/\/globalnewsmexico.com\/sitio\/wp-json\/wp\/v2\/tags?post=58939"}],"curies":[{"name":"wp","href":"https:\/\/api.w.org\/{rel}","templated":true}]}}