{"id":58946,"date":"2020-12-19T22:09:45","date_gmt":"2020-12-20T04:09:45","guid":{"rendered":"http:\/\/globalnewsmexico.com\/sitio\/?p=58946"},"modified":"2020-12-19T22:09:59","modified_gmt":"2020-12-20T04:09:59","slug":"diego-sinhue-gobernador-de-guanajuato-da-positivo-a-coronavirus","status":"publish","type":"post","link":"https:\/\/globalnewsmexico.com\/sitio\/diego-sinhue-gobernador-de-guanajuato-da-positivo-a-coronavirus\/","title":{"rendered":"Diego Sinhue, gobernador de Guanajuato, da positivo a coronavirus"},"content":{"rendered":"\n<p>El gobernador de Guanajuato, Diego Sinhue Rodr\u00edguez Vallejo<em>,<\/em>\u00a0dio positivo a Covid-19, por lo que inform\u00f3 que estar\u00e1 aislado y asegur\u00f3 que no tiene s\u00edntomas.<\/p>\n\n\n\n<p>El mandatario agreg\u00f3 que continuar\u00e1 atendiendo sus responsabilidad de forma remota y llam\u00f3 a los habitantes del estado a cuidarse, porque la pandemia contin\u00faa.<\/p>\n\n\n\n<p>Hasta el momento, ning\u00fan otro miembro de su gabinete ha manifestado haberse contagiado con el virus.\u00a0Diego Sinhue es el gobernador n\u00famero 13 en tener coronavirus.<\/p>\n\n\n\n<h3 class=\"wp-block-heading\">Gobernadores contagiados<\/h3>\n\n\n\n<ul><li>H\u00e9ctor Astudillo, gobernador de Guerrero.<\/li><li>Francisco Dom\u00ednguez, gobernador de Quer\u00e9taro.<\/li><li>Ad\u00e1n Augusto L\u00f3pez, gobernador de Tabasco.<\/li><li>Omar Fayad, gobernador de Hidalgo.<\/li><li>Carlos Mendoza Davis, gobernador de Baja California Sur.<\/li><li>Claudia Sheinbaum, jefa de Gobierno de la CDMX.<\/li><li>Claudia Pavlovich, gobernadora de Sonora.<\/li><li>Mauricio Vila, gobernador de Yucat\u00e1n.<\/li><li>Silvano Aureoles, gobernador de Michoac\u00e1n.<\/li><li>Jos\u00e9 Rosas Aispuro, gobernador de Durango.<\/li><li>Carlos Joaqu\u00edn Gonz\u00e1lez, gobernador de Quintana Roo.<\/li><li>Francisco Cabeza de Vaca, gobernador de Tamaulipas.<\/li><\/ul>\n\n\n\n<p>Fuente: Milenio<\/p>\n","protected":false},"excerpt":{"rendered":"<p>El gobernador de Guanajuato, Diego Sinhue Rodr\u00edguez Vallejo,\u00a0dio positivo a Covid-19, por lo que inform\u00f3 que estar\u00e1 aislado y asegur\u00f3 que no tiene s\u00edntomas. El mandatario agreg\u00f3 que continuar\u00e1 atendiendo sus responsabilidad de forma remota y llam\u00f3 a los habitantes del estado a cuidarse, porque la pandemia contin\u00faa. Hasta el momento, ning\u00fan otro miembro de<a class=\"read-more\" href=\"https:\/\/globalnewsmexico.com\/sitio\/diego-sinhue-gobernador-de-guanajuato-da-positivo-a-coronavirus\/\">Leer m\u00e1s<\/a><\/p>\n","protected":false},"author":5,"featured_media":58947,"comment_status":"closed","ping_status":"open","sticky":false,"template":"","format":"standard","meta":{"spay_email":"","footnotes":""},"categories":[37,8,39,52],"tags":[],"jetpack_featured_media_url":"https:\/\/i1.wp.com\/globalnewsmexico.com\/sitio\/wp-content\/uploads\/2020\/12\/diego-sinhue-rodriguez-vallejo-gobernador-4.jpeg?fit=958%2C596&ssl=1","jetpack_sharing_enabled":true,"jetpack_shortlink":"https:\/\/wp.me\/p9yqPL-fkK","jetpack_likes_enabled":true,"_links":{"self":[{"href":"https:\/\/globalnewsmexico.com\/sitio\/wp-json\/wp\/v2\/posts\/58946"}],"collection":[{"href":"https:\/\/globalnewsmexico.com\/sitio\/wp-json\/wp\/v2\/posts"}],"about":[{"href":"https:\/\/globalnewsmexico.com\/sitio\/wp-json\/wp\/v2\/types\/post"}],"author":[{"embeddable":true,"href":"https:\/\/globalnewsmexico.com\/sitio\/wp-json\/wp\/v2\/users\/5"}],"replies":[{"embeddable":true,"href":"https:\/\/globalnewsmexico.com\/sitio\/wp-json\/wp\/v2\/comments?post=58946"}],"version-history":[{"count":0,"href":"https:\/\/globalnewsmexico.com\/sitio\/wp-json\/wp\/v2\/posts\/58946\/revisions"}],"wp:featuredmedia":[{"embeddable":true,"href":"https:\/\/globalnewsmexico.com\/sitio\/wp-json\/wp\/v2\/media\/58947"}],"wp:attachment":[{"href":"https:\/\/globalnewsmexico.com\/sitio\/wp-json\/wp\/v2\/media?parent=58946"}],"wp:term":[{"taxonomy":"category","embeddable":true,"href":"https:\/\/globalnewsmexico.com\/sitio\/wp-json\/wp\/v2\/categories?post=58946"},{"taxonomy":"post_tag","embeddable":true,"href":"https:\/\/globalnewsmexico.com\/sitio\/wp-json\/wp\/v2\/tags?post=58946"}],"curies":[{"name":"wp","href":"https:\/\/api.w.org\/{rel}","templated":true}]}}