{"id":58960,"date":"2020-12-21T10:36:26","date_gmt":"2020-12-21T16:36:26","guid":{"rendered":"http:\/\/globalnewsmexico.com\/sitio\/?p=58960"},"modified":"2020-12-21T10:36:29","modified_gmt":"2020-12-21T16:36:29","slug":"conversacion-con-biden-se-centro-en-el-tema-migratorio-asegura-lopez-obrador","status":"publish","type":"post","link":"https:\/\/globalnewsmexico.com\/sitio\/conversacion-con-biden-se-centro-en-el-tema-migratorio-asegura-lopez-obrador\/","title":{"rendered":"Conversaci\u00f3n con Biden se centr\u00f3 en el tema migratorio, asegura L\u00f3pez Obrador"},"content":{"rendered":"\n<p>El presidente Andr\u00e9s Manuel L\u00f3pez Obrador asegur\u00f3 que fue muy fraterna y respetuosa la conversaci\u00f3n que sostuvo con el presidente electo de los Estados Unidos, Joe Biden.<\/p>\n\n\n\n<p>\u201cY se mencion\u00f3 de que vamos a continuar con una pol\u00edtica de respeto mutuo a nuestras soberan\u00edas, en bien de nuestros pueblos. Fue muy amistoso, de inter\u00e9s para los dos pa\u00edses. Sobre todo en el caso nuestro nos importa mucho la situaci\u00f3n de nuestros paisanos migrantes. Considero que va ser muy buena la relaci\u00f3n en ese sentido\u201d, dijo.<\/p>\n\n\n\n<p>Agreg\u00f3 que se habl\u00f3 principalmente del tema migratorio, de apoyar a los pa\u00edses de Centroam\u00e9rica y a los estados del sur-sureste de M\u00e9xico, y de seguir promoviendo el desarrollo.<\/p>\n\n\n\n<p>Fuente: Notisistema<\/p>\n","protected":false},"excerpt":{"rendered":"<p>El presidente Andr\u00e9s Manuel L\u00f3pez Obrador asegur\u00f3 que fue muy fraterna y respetuosa la conversaci\u00f3n que sostuvo con el presidente electo de los Estados Unidos, Joe Biden. \u201cY se mencion\u00f3 de que vamos a continuar con una pol\u00edtica de respeto mutuo a nuestras soberan\u00edas, en bien de nuestros pueblos. Fue muy amistoso, de inter\u00e9s para<a class=\"read-more\" href=\"https:\/\/globalnewsmexico.com\/sitio\/conversacion-con-biden-se-centro-en-el-tema-migratorio-asegura-lopez-obrador\/\">Leer m\u00e1s<\/a><\/p>\n","protected":false},"author":5,"featured_media":58961,"comment_status":"closed","ping_status":"open","sticky":false,"template":"","format":"standard","meta":{"spay_email":"","footnotes":""},"categories":[37,8,40,52],"tags":[],"jetpack_featured_media_url":"https:\/\/i0.wp.com\/globalnewsmexico.com\/sitio\/wp-content\/uploads\/2020\/12\/amlo03-3-610x389-1.jpg?fit=1024%2C653&ssl=1","jetpack_sharing_enabled":true,"jetpack_shortlink":"https:\/\/wp.me\/p9yqPL-fkY","jetpack_likes_enabled":true,"_links":{"self":[{"href":"https:\/\/globalnewsmexico.com\/sitio\/wp-json\/wp\/v2\/posts\/58960"}],"collection":[{"href":"https:\/\/globalnewsmexico.com\/sitio\/wp-json\/wp\/v2\/posts"}],"about":[{"href":"https:\/\/globalnewsmexico.com\/sitio\/wp-json\/wp\/v2\/types\/post"}],"author":[{"embeddable":true,"href":"https:\/\/globalnewsmexico.com\/sitio\/wp-json\/wp\/v2\/users\/5"}],"replies":[{"embeddable":true,"href":"https:\/\/globalnewsmexico.com\/sitio\/wp-json\/wp\/v2\/comments?post=58960"}],"version-history":[{"count":0,"href":"https:\/\/globalnewsmexico.com\/sitio\/wp-json\/wp\/v2\/posts\/58960\/revisions"}],"wp:featuredmedia":[{"embeddable":true,"href":"https:\/\/globalnewsmexico.com\/sitio\/wp-json\/wp\/v2\/media\/58961"}],"wp:attachment":[{"href":"https:\/\/globalnewsmexico.com\/sitio\/wp-json\/wp\/v2\/media?parent=58960"}],"wp:term":[{"taxonomy":"category","embeddable":true,"href":"https:\/\/globalnewsmexico.com\/sitio\/wp-json\/wp\/v2\/categories?post=58960"},{"taxonomy":"post_tag","embeddable":true,"href":"https:\/\/globalnewsmexico.com\/sitio\/wp-json\/wp\/v2\/tags?post=58960"}],"curies":[{"name":"wp","href":"https:\/\/api.w.org\/{rel}","templated":true}]}}