{"id":59023,"date":"2020-12-22T14:10:33","date_gmt":"2020-12-22T20:10:33","guid":{"rendered":"http:\/\/globalnewsmexico.com\/sitio\/?p=59023"},"modified":"2020-12-22T14:10:39","modified_gmt":"2020-12-22T20:10:39","slug":"ee-uu-incluye-a-mexico-en-su-plan-de-estimulos-por-covid-19","status":"publish","type":"post","link":"https:\/\/globalnewsmexico.com\/sitio\/ee-uu-incluye-a-mexico-en-su-plan-de-estimulos-por-covid-19\/","title":{"rendered":"EE. UU. incluye a M\u00e9xico en su plan de est\u00edmulos por Covid-19"},"content":{"rendered":"\n<p>El\u00a0Congreso de Estados Unidos aprob\u00f3 uno de los mayores cambios en materia legislativa de la historia del ese pa\u00eds sobre gastos e impuestos, que contiene apoyos econ\u00f3micos para enfrentar la\u00a0contingencia sanitaria por el coronavirus\u00a0y una parte adicional sobre mejorar los intereses comerciales con M\u00e9xico.<\/p>\n\n\n\n<p>En el proyecto de ley \u201cCovid-relief\u201d se incluye la secci\u00f3n 1901 denominada \u201cLey de Asociaci\u00f3n Econ\u00f3mica Estados Unidos-M\u00e9xico\u201d, mismo que\u00a0se centr\u00f3 en promover los intereses econ\u00f3micos de ambos pa\u00edses.<\/p>\n\n\n\n<p>Dentro de esta secci\u00f3n se incluye la\u00a0b\u00fasqueda por aumentar la cooperaci\u00f3n en materia energ\u00e9tica entre M\u00e9xico y EU, as\u00ed como abrir nuevas oportunidades para la inversi\u00f3n energ\u00e9tica de los estadunidenses.<\/p>\n\n\n\n<p>Adem\u00e1s, Estados Unidos\u00a0busca priorizar y expandir los programas de intercambio educativo y profesional que tiene con M\u00e9xico,\u00a0y promover las relaciones transfronterizas como una prioridad para avanzar en la pol\u00edtica y programas exteriores del pa\u00eds vecino del norte.<\/p>\n\n\n\n<p>En la secci\u00f3n segunda 1904 del proyecto de ley ampl\u00eda y la secci\u00f3n dos anterior, se enmarcan en\u00a0la b\u00fasqueda de fomentar a\u00fan m\u00e1s los intercambios acad\u00e9micos\u00a0entre los dos pa\u00edses sobre todo en los niveles de secundaria, preparatoria y universidad.<\/p>\n\n\n\n<p>Tratar\u00e1 de motivar a las instituciones acad\u00e9micas y a las empresas de M\u00e9xico y Estados Un para\u00a0colaborar y ayudar a los futuros empresarios en desarrollo, con el fin de fortalecer sus habilidades comerciales, promover la cooperaci\u00f3n y las iniciativas comerciales conjuntas en los dos pa\u00edses.<\/p>\n\n\n\n<p>Adem\u00e1s busca promover la coordinaci\u00f3n y cooperaci\u00f3n en infraestructura energ\u00e9tica a trav\u00e9s del apoyo a la educaci\u00f3n a nivel vocacional, pasant\u00edas e intercambios entre Estados Unidos y M\u00e9xico.<\/p>\n\n\n\n<p>Y evaluar la viabilidad de fomentar las asociaciones entre universidades en Estados Unidos y las escuelas de medicina, as\u00ed como los programas de enfermer\u00eda en M\u00e9xico, esto para garantizar que las escuelas de medicina, y los programas de enfermer\u00eda mexicanos tengan est\u00e1ndares de acreditaci\u00f3n comparables a los programas de Estados Unidos.<\/p>\n\n\n\n<p>Se inform\u00f3 que el paquete legislativo estr\u00eda pensado por un monto total de 900 mil millones de d\u00f3lares, documento que est\u00e1 integrado por 5 mil 600 p\u00e1ginas.<\/p>\n\n\n\n<p>Las acciones dentro de la nueva legislaci\u00f3n buscan mantener fondeado al gobierno estadounidense, m\u00ednimo hasta septiembre de 2021, y as\u00ed poder ampliar los recortes de los impuestos, los diferentes negocios, por lo menos para el pr\u00f3ximo a\u00f1o.<\/p>\n\n\n\n<p>Cabe resaltar que la legislaci\u00f3n aprobada por la C\u00e1mara de Representantes y posteriormente por la de Senadores, entrar\u00e1 en funci\u00f3n una vez que el a\u00fan mandatario de Estados Unidos, Donald Trump, firme el documento, mismo que se prev\u00e9 pasar\u00e1 en cualquier momento.<\/p>\n\n\n\n<p>Fuente: Milenio<\/p>\n","protected":false},"excerpt":{"rendered":"<p>El\u00a0Congreso de Estados Unidos aprob\u00f3 uno de los mayores cambios en materia legislativa de la historia del ese pa\u00eds sobre gastos e impuestos, que contiene apoyos econ\u00f3micos para enfrentar la\u00a0contingencia sanitaria por el coronavirus\u00a0y una parte adicional sobre mejorar los intereses comerciales con M\u00e9xico. En el proyecto de ley \u201cCovid-relief\u201d se incluye la secci\u00f3n 1901<a class=\"read-more\" href=\"https:\/\/globalnewsmexico.com\/sitio\/ee-uu-incluye-a-mexico-en-su-plan-de-estimulos-por-covid-19\/\">Leer m\u00e1s<\/a><\/p>\n","protected":false},"author":5,"featured_media":59024,"comment_status":"closed","ping_status":"open","sticky":false,"template":"","format":"standard","meta":{"spay_email":"","footnotes":""},"categories":[37,8,48,52],"tags":[],"jetpack_featured_media_url":"https:\/\/i0.wp.com\/globalnewsmexico.com\/sitio\/wp-content\/uploads\/2020\/12\/noche-mexico-unidos-alcanzaron-frenar_0_2_1024_637.jpg?fit=958%2C596&ssl=1","jetpack_sharing_enabled":true,"jetpack_shortlink":"https:\/\/wp.me\/p9yqPL-flZ","jetpack_likes_enabled":true,"_links":{"self":[{"href":"https:\/\/globalnewsmexico.com\/sitio\/wp-json\/wp\/v2\/posts\/59023"}],"collection":[{"href":"https:\/\/globalnewsmexico.com\/sitio\/wp-json\/wp\/v2\/posts"}],"about":[{"href":"https:\/\/globalnewsmexico.com\/sitio\/wp-json\/wp\/v2\/types\/post"}],"author":[{"embeddable":true,"href":"https:\/\/globalnewsmexico.com\/sitio\/wp-json\/wp\/v2\/users\/5"}],"replies":[{"embeddable":true,"href":"https:\/\/globalnewsmexico.com\/sitio\/wp-json\/wp\/v2\/comments?post=59023"}],"version-history":[{"count":0,"href":"https:\/\/globalnewsmexico.com\/sitio\/wp-json\/wp\/v2\/posts\/59023\/revisions"}],"wp:featuredmedia":[{"embeddable":true,"href":"https:\/\/globalnewsmexico.com\/sitio\/wp-json\/wp\/v2\/media\/59024"}],"wp:attachment":[{"href":"https:\/\/globalnewsmexico.com\/sitio\/wp-json\/wp\/v2\/media?parent=59023"}],"wp:term":[{"taxonomy":"category","embeddable":true,"href":"https:\/\/globalnewsmexico.com\/sitio\/wp-json\/wp\/v2\/categories?post=59023"},{"taxonomy":"post_tag","embeddable":true,"href":"https:\/\/globalnewsmexico.com\/sitio\/wp-json\/wp\/v2\/tags?post=59023"}],"curies":[{"name":"wp","href":"https:\/\/api.w.org\/{rel}","templated":true}]}}