{"id":59054,"date":"2020-12-23T10:30:08","date_gmt":"2020-12-23T16:30:08","guid":{"rendered":"http:\/\/globalnewsmexico.com\/sitio\/?p=59054"},"modified":"2020-12-23T10:30:13","modified_gmt":"2020-12-23T16:30:13","slug":"vacunacion-contra-covid-19-iniciara-manana-confirma-amlo","status":"publish","type":"post","link":"https:\/\/globalnewsmexico.com\/sitio\/vacunacion-contra-covid-19-iniciara-manana-confirma-amlo\/","title":{"rendered":"Vacunaci\u00f3n contra Covid-19 iniciar\u00e1 ma\u00f1ana, confirma AMLO"},"content":{"rendered":"\n<p>El presidente Andr\u00e9s Manuel L\u00f3pez Obrador asegur\u00f3 que\u00a0ma\u00f1ana 24 de diciembre iniciar\u00e1 la\u00a0vacunaci\u00f3n\u00a0contra el\u00a0Covid-19, con los trabajadores de la salud que est\u00e1n en la primera l\u00ednea en los hospitales de todo el pa\u00eds.\u00a0<\/p>\n\n\n\n<p>\u201cMa\u00f1ana va a iniciar la vacunaci\u00f3n, es el primer env\u00edo, las primeras dosis, vienen aqu\u00ed (Ciudad de M\u00e9xico) y tambi\u00e9n a Saltillo; hoy van a definir ya la estrategia para empezar para a vacunar ma\u00f1ana\u201d, apunt\u00f3.<\/p>\n\n\n\n<p>En su conferencia de prensa, el presidente\u00a0L\u00f3pez Obrador\u00a0dijo que se acord\u00f3 que las dosis del \u00a0biol\u00f3gico est\u00e9n resguardadas y vigiladas por las Fuerzas Armadas.<\/p>\n\n\n\n<p>\u201cVan a ir a un sitio donde hay las condiciones para mantenerlas y ma\u00f1ana se va a vacunar, se va a empezar a vacunar, es un proceso todav\u00eda de ensayo, de prueba, le llaman calibraci\u00f3n, y van a empezar con los trabajadores de salud que est\u00e1n en los hospitales covid\u201d, indic\u00f3.<\/p>\n\n\n\n<p>Se\u00f1al\u00f3 que los primeros en ser vacunados ser\u00e1n los m\u00e9dicos, enfermeras, camilleros, los trabajadores de los hospitales que est\u00e1n atendiendo Covid.<\/p>\n\n\n\n<p>El presidente L\u00f3pez Obrador dijo que se procurar\u00e1 que no solo se vacune al personal de \u00a0hospitales de la Ciudad de M\u00e9xico y Saltillo, Coahuila, puntos donde llegar\u00e1 la vacuna, sino que se pueda vacunar a personal m\u00e9dico de la regi\u00f3n.<\/p>\n\n\n\n<p>Fuente: El Universal<\/p>\n","protected":false},"excerpt":{"rendered":"<p>El presidente Andr\u00e9s Manuel L\u00f3pez Obrador asegur\u00f3 que\u00a0ma\u00f1ana 24 de diciembre iniciar\u00e1 la\u00a0vacunaci\u00f3n\u00a0contra el\u00a0Covid-19, con los trabajadores de la salud que est\u00e1n en la primera l\u00ednea en los hospitales de todo el pa\u00eds.\u00a0 \u201cMa\u00f1ana va a iniciar la vacunaci\u00f3n, es el primer env\u00edo, las primeras dosis, vienen aqu\u00ed (Ciudad de M\u00e9xico) y tambi\u00e9n a Saltillo;<a class=\"read-more\" href=\"https:\/\/globalnewsmexico.com\/sitio\/vacunacion-contra-covid-19-iniciara-manana-confirma-amlo\/\">Leer m\u00e1s<\/a><\/p>\n","protected":false},"author":5,"featured_media":59056,"comment_status":"closed","ping_status":"open","sticky":false,"template":"","format":"standard","meta":{"spay_email":"","footnotes":""},"categories":[37,8,39,52],"tags":[],"jetpack_featured_media_url":"https:\/\/i0.wp.com\/globalnewsmexico.com\/sitio\/wp-content\/uploads\/2020\/12\/Captura-8.jpg?fit=1024%2C708&ssl=1","jetpack_sharing_enabled":true,"jetpack_shortlink":"https:\/\/wp.me\/p9yqPL-fmu","jetpack_likes_enabled":true,"_links":{"self":[{"href":"https:\/\/globalnewsmexico.com\/sitio\/wp-json\/wp\/v2\/posts\/59054"}],"collection":[{"href":"https:\/\/globalnewsmexico.com\/sitio\/wp-json\/wp\/v2\/posts"}],"about":[{"href":"https:\/\/globalnewsmexico.com\/sitio\/wp-json\/wp\/v2\/types\/post"}],"author":[{"embeddable":true,"href":"https:\/\/globalnewsmexico.com\/sitio\/wp-json\/wp\/v2\/users\/5"}],"replies":[{"embeddable":true,"href":"https:\/\/globalnewsmexico.com\/sitio\/wp-json\/wp\/v2\/comments?post=59054"}],"version-history":[{"count":0,"href":"https:\/\/globalnewsmexico.com\/sitio\/wp-json\/wp\/v2\/posts\/59054\/revisions"}],"wp:featuredmedia":[{"embeddable":true,"href":"https:\/\/globalnewsmexico.com\/sitio\/wp-json\/wp\/v2\/media\/59056"}],"wp:attachment":[{"href":"https:\/\/globalnewsmexico.com\/sitio\/wp-json\/wp\/v2\/media?parent=59054"}],"wp:term":[{"taxonomy":"category","embeddable":true,"href":"https:\/\/globalnewsmexico.com\/sitio\/wp-json\/wp\/v2\/categories?post=59054"},{"taxonomy":"post_tag","embeddable":true,"href":"https:\/\/globalnewsmexico.com\/sitio\/wp-json\/wp\/v2\/tags?post=59054"}],"curies":[{"name":"wp","href":"https:\/\/api.w.org\/{rel}","templated":true}]}}