{"id":59059,"date":"2020-12-23T11:13:08","date_gmt":"2020-12-23T17:13:08","guid":{"rendered":"http:\/\/globalnewsmexico.com\/sitio\/?p=59059"},"modified":"2020-12-23T11:13:13","modified_gmt":"2020-12-23T17:13:13","slug":"deseo-que-para-el-2021-no-se-sigan-perdiendo-vidas-lopez-obrador","status":"publish","type":"post","link":"https:\/\/globalnewsmexico.com\/sitio\/deseo-que-para-el-2021-no-se-sigan-perdiendo-vidas-lopez-obrador\/","title":{"rendered":"Deseo que para el 2021 no se sigan perdiendo vidas: L\u00f3pez Obrador"},"content":{"rendered":"\n<p>El presidente Andr\u00e9s Manuel L\u00f3pez Obrador afirm\u00f3 que su deseo para el 2021 es que ya no se siga enfermando la gente y no se sigan perdiendo m\u00e1s vidas por el Covid-19, pues eso es lo que m\u00e1s le duele.<\/p>\n\n\n\n<p>\u201cEsperemos que ya con la vacuna podamos controlar esta pandemia, y eso es lo que deseo para el a\u00f1o pr\u00f3ximo, que ya no se siga enfermando la gente, que no se sigan perdiendo vidas, eso es lo que m\u00e1s me duele\u201d, apunt\u00f3.<\/p>\n\n\n\n<p>Coment\u00f3 que en materia econ\u00f3mica, espera que a finales del primer trimestre M\u00e9xico vuelva a estar igual a como estaba antes de la pandemia.<\/p>\n\n\n\n<p>\u201cLa parte econ\u00f3mica, la crisis que produjo, que precipit\u00f3 la pandemia la vamos a enfrentar bien, ya se est\u00e1n viendo los resultados,\u00a0yo espero que para el primer trimestre del a\u00f1o pr\u00f3ximo, para finales ya vamos a estar casi igual como est\u00e1bamos antes de la pandemia, como est\u00e1bamos en febrero de este a\u00f1o\u201d, dijo.<\/p>\n\n\n\n<p>Asegur\u00f3 que se van a recuperar alrededor de un mill\u00f3n 100 mil empleos que se perdieron en la pandemia, de los cuales, ya se recuperaron 550 mil.<\/p>\n\n\n\n<p>Fuente: Xeu Noticias<\/p>\n","protected":false},"excerpt":{"rendered":"<p>El presidente Andr\u00e9s Manuel L\u00f3pez Obrador afirm\u00f3 que su deseo para el 2021 es que ya no se siga enfermando la gente y no se sigan perdiendo m\u00e1s vidas por el Covid-19, pues eso es lo que m\u00e1s le duele. \u201cEsperemos que ya con la vacuna podamos controlar esta pandemia, y eso es lo que<a class=\"read-more\" href=\"https:\/\/globalnewsmexico.com\/sitio\/deseo-que-para-el-2021-no-se-sigan-perdiendo-vidas-lopez-obrador\/\">Leer m\u00e1s<\/a><\/p>\n","protected":false},"author":5,"featured_media":59060,"comment_status":"closed","ping_status":"open","sticky":false,"template":"","format":"standard","meta":{"spay_email":"","footnotes":""},"categories":[37,8,40,52],"tags":[],"jetpack_featured_media_url":"https:\/\/i0.wp.com\/globalnewsmexico.com\/sitio\/wp-content\/uploads\/2020\/12\/1136257.jpg?fit=1024%2C683&ssl=1","jetpack_sharing_enabled":true,"jetpack_shortlink":"https:\/\/wp.me\/p9yqPL-fmz","jetpack_likes_enabled":true,"_links":{"self":[{"href":"https:\/\/globalnewsmexico.com\/sitio\/wp-json\/wp\/v2\/posts\/59059"}],"collection":[{"href":"https:\/\/globalnewsmexico.com\/sitio\/wp-json\/wp\/v2\/posts"}],"about":[{"href":"https:\/\/globalnewsmexico.com\/sitio\/wp-json\/wp\/v2\/types\/post"}],"author":[{"embeddable":true,"href":"https:\/\/globalnewsmexico.com\/sitio\/wp-json\/wp\/v2\/users\/5"}],"replies":[{"embeddable":true,"href":"https:\/\/globalnewsmexico.com\/sitio\/wp-json\/wp\/v2\/comments?post=59059"}],"version-history":[{"count":0,"href":"https:\/\/globalnewsmexico.com\/sitio\/wp-json\/wp\/v2\/posts\/59059\/revisions"}],"wp:featuredmedia":[{"embeddable":true,"href":"https:\/\/globalnewsmexico.com\/sitio\/wp-json\/wp\/v2\/media\/59060"}],"wp:attachment":[{"href":"https:\/\/globalnewsmexico.com\/sitio\/wp-json\/wp\/v2\/media?parent=59059"}],"wp:term":[{"taxonomy":"category","embeddable":true,"href":"https:\/\/globalnewsmexico.com\/sitio\/wp-json\/wp\/v2\/categories?post=59059"},{"taxonomy":"post_tag","embeddable":true,"href":"https:\/\/globalnewsmexico.com\/sitio\/wp-json\/wp\/v2\/tags?post=59059"}],"curies":[{"name":"wp","href":"https:\/\/api.w.org\/{rel}","templated":true}]}}