{"id":59081,"date":"2020-12-23T15:41:52","date_gmt":"2020-12-23T21:41:52","guid":{"rendered":"http:\/\/globalnewsmexico.com\/sitio\/?p=59081"},"modified":"2020-12-23T15:41:58","modified_gmt":"2020-12-23T21:41:58","slug":"me-gusta-cordoba-llega-a-grupo-ado-y-soriana","status":"publish","type":"post","link":"https:\/\/globalnewsmexico.com\/sitio\/me-gusta-cordoba-llega-a-grupo-ado-y-soriana\/","title":{"rendered":"Me Gusta C\u00f3rdoba llega a Grupo ADO y Soriana"},"content":{"rendered":"\n<p>A partir de esta semana, Me Gusta C\u00f3rdoba llega al ADO y a Mercado Soriana con su oferta de artesan\u00edas, joyer\u00eda, bisuter\u00eda, tejidos, reposter\u00eda, regalos personalizados, entre otros productos realizados por emprendedores locales.<\/p>\n\n\n\n<p>Mayra Garc\u00eda Ram\u00edrez, gerente comercial de la zona C\u00f3rdoba-Orizaba de ADO, manifest\u00f3 que como empresa socialmente responsable siempre han tenido presente contribuir a impulsar aquellas acciones que sumen y aporten en beneficios a la sociedad, principalmente en donde se ubique sus instalaciones.<\/p>\n\n\n\n<p>Explic\u00f3 que las y los emprendedores de Me Gusta C\u00f3rdoba cuentan con espacios en las terminales de ADO y AU de este municipio.<\/p>\n\n\n\n<p>Igual de importante es el punto de venta ubicado en Soriana, al respecto, Diego Mendoza Torres, administrador de mall, dijo que como empresa socialmente responsable se suman a esta estrategia para impulsar el comercio local.<\/p>\n\n\n\n<p>\u201cEs un gran proyecto para reactivar la econom\u00eda que beneficia a las y los cordobeses por parte de la Presidenta. Me parece un gran plan, nos sumamos y estamos abiertos a cualquier apoyo ante esta contingencia que ha afectado mucho la econom\u00eda en general\u201d, puntualiz\u00f3 Mendoza Torres.<\/p>\n\n\n\n<p>Jos\u00e9 Luis Rodr\u00edguez Salmer\u00f3n, director de desarrollo econ\u00f3mico del Ayuntamiento de C\u00f3rdoba, dijo que estos nuevos puntos de la plataforma comercial Me Gusta C\u00f3rdoba se lograron gracias a la alianza entre Soriana, ADO y la administraci\u00f3n que preside Leticia L\u00f3pez Landero a favor del fortalecimiento al emprendedurismo local.<\/p>\n\n\n\n<p>Record\u00f3 que otra cadena comercial tambi\u00e9n cuenta con puntos de venta f\u00edsica de los productos de Me Gusta C\u00f3rdoba, a los que se suma la difusi\u00f3n que mantiene el Ayuntamiento a trav\u00e9s de la p\u00e1gina web megustac\u00f3rdoba.com.mx que promueve la comercializaci\u00f3n en l\u00ednea de los productos que manos cordobesas realizan.<\/p>\n","protected":false},"excerpt":{"rendered":"<p>A partir de esta semana, Me Gusta C\u00f3rdoba llega al ADO y a Mercado Soriana con su oferta de artesan\u00edas, joyer\u00eda, bisuter\u00eda, tejidos, reposter\u00eda, regalos personalizados, entre otros productos realizados por emprendedores locales. Mayra Garc\u00eda Ram\u00edrez, gerente comercial de la zona C\u00f3rdoba-Orizaba de ADO, manifest\u00f3 que como empresa socialmente responsable siempre han tenido presente contribuir<a class=\"read-more\" href=\"https:\/\/globalnewsmexico.com\/sitio\/me-gusta-cordoba-llega-a-grupo-ado-y-soriana\/\">Leer m\u00e1s<\/a><\/p>\n","protected":false},"author":5,"featured_media":59082,"comment_status":"closed","ping_status":"open","sticky":false,"template":"","format":"standard","meta":{"spay_email":"","footnotes":""},"categories":[37,8,50,52],"tags":[],"jetpack_featured_media_url":"https:\/\/i1.wp.com\/globalnewsmexico.com\/sitio\/wp-content\/uploads\/2020\/12\/a80fb2c0-f3f8-4aa4-b92c-a2f579261b4e.jpg?fit=1024%2C682&ssl=1","jetpack_sharing_enabled":true,"jetpack_shortlink":"https:\/\/wp.me\/p9yqPL-fmV","jetpack_likes_enabled":true,"_links":{"self":[{"href":"https:\/\/globalnewsmexico.com\/sitio\/wp-json\/wp\/v2\/posts\/59081"}],"collection":[{"href":"https:\/\/globalnewsmexico.com\/sitio\/wp-json\/wp\/v2\/posts"}],"about":[{"href":"https:\/\/globalnewsmexico.com\/sitio\/wp-json\/wp\/v2\/types\/post"}],"author":[{"embeddable":true,"href":"https:\/\/globalnewsmexico.com\/sitio\/wp-json\/wp\/v2\/users\/5"}],"replies":[{"embeddable":true,"href":"https:\/\/globalnewsmexico.com\/sitio\/wp-json\/wp\/v2\/comments?post=59081"}],"version-history":[{"count":0,"href":"https:\/\/globalnewsmexico.com\/sitio\/wp-json\/wp\/v2\/posts\/59081\/revisions"}],"wp:featuredmedia":[{"embeddable":true,"href":"https:\/\/globalnewsmexico.com\/sitio\/wp-json\/wp\/v2\/media\/59082"}],"wp:attachment":[{"href":"https:\/\/globalnewsmexico.com\/sitio\/wp-json\/wp\/v2\/media?parent=59081"}],"wp:term":[{"taxonomy":"category","embeddable":true,"href":"https:\/\/globalnewsmexico.com\/sitio\/wp-json\/wp\/v2\/categories?post=59081"},{"taxonomy":"post_tag","embeddable":true,"href":"https:\/\/globalnewsmexico.com\/sitio\/wp-json\/wp\/v2\/tags?post=59081"}],"curies":[{"name":"wp","href":"https:\/\/api.w.org\/{rel}","templated":true}]}}