{"id":59137,"date":"2020-12-24T19:14:58","date_gmt":"2020-12-25T01:14:58","guid":{"rendered":"http:\/\/globalnewsmexico.com\/sitio\/?p=59137"},"modified":"2020-12-24T19:15:03","modified_gmt":"2020-12-25T01:15:03","slug":"costa-rica-inicia-campana-de-vacunacion-contra-covid-19","status":"publish","type":"post","link":"https:\/\/globalnewsmexico.com\/sitio\/costa-rica-inicia-campana-de-vacunacion-contra-covid-19\/","title":{"rendered":"Costa Rica inicia campa\u00f1a de vacunaci\u00f3n contra Covid-19"},"content":{"rendered":"\n<p>Este jueves se dio a conocer que Costa Rica\u00a0comenz\u00f3 la aplicaci\u00f3n de las primeras vacunas contra el Covid-19.<\/p>\n\n\n\n<p>Dicha vacuna fue aplicada a dos adultos mayores de una residencia de ancianos en un municipio cercano a la ciudad de San Jos\u00e9, en el inicio de un plan de inmunizaci\u00f3n que prev\u00e9 cubrir al 60 por ciento de la poblaci\u00f3n del pa\u00eds centroamericano.<\/p>\n\n\n\n<p>Cabe mencionar que, un d\u00eda despu\u00e9s de la llegada de un primer lote con 9 mil 750 dosis producido por la farmac\u00e9utica estadunidense Pfizer, el gobernante Carlos Alvarado presidi\u00f3 el arranque de la vacunaci\u00f3n en un hogar de la tercera edad en Tres R\u00edos, 15 kil\u00f3metros al este de San Jos\u00e9.\u00a0<\/p>\n\n\n\n<p>Fuente: Agencias<\/p>\n","protected":false},"excerpt":{"rendered":"<p>Este jueves se dio a conocer que Costa Rica\u00a0comenz\u00f3 la aplicaci\u00f3n de las primeras vacunas contra el Covid-19. Dicha vacuna fue aplicada a dos adultos mayores de una residencia de ancianos en un municipio cercano a la ciudad de San Jos\u00e9, en el inicio de un plan de inmunizaci\u00f3n que prev\u00e9 cubrir al 60 por<a class=\"read-more\" href=\"https:\/\/globalnewsmexico.com\/sitio\/costa-rica-inicia-campana-de-vacunacion-contra-covid-19\/\">Leer m\u00e1s<\/a><\/p>\n","protected":false},"author":5,"featured_media":59138,"comment_status":"closed","ping_status":"open","sticky":false,"template":"","format":"standard","meta":{"spay_email":"","footnotes":""},"categories":[37,8,48,52],"tags":[],"jetpack_featured_media_url":"https:\/\/i1.wp.com\/globalnewsmexico.com\/sitio\/wp-content\/uploads\/2020\/12\/1136477.jpg?fit=1024%2C683&ssl=1","jetpack_sharing_enabled":true,"jetpack_shortlink":"https:\/\/wp.me\/p9yqPL-fnP","jetpack_likes_enabled":true,"_links":{"self":[{"href":"https:\/\/globalnewsmexico.com\/sitio\/wp-json\/wp\/v2\/posts\/59137"}],"collection":[{"href":"https:\/\/globalnewsmexico.com\/sitio\/wp-json\/wp\/v2\/posts"}],"about":[{"href":"https:\/\/globalnewsmexico.com\/sitio\/wp-json\/wp\/v2\/types\/post"}],"author":[{"embeddable":true,"href":"https:\/\/globalnewsmexico.com\/sitio\/wp-json\/wp\/v2\/users\/5"}],"replies":[{"embeddable":true,"href":"https:\/\/globalnewsmexico.com\/sitio\/wp-json\/wp\/v2\/comments?post=59137"}],"version-history":[{"count":0,"href":"https:\/\/globalnewsmexico.com\/sitio\/wp-json\/wp\/v2\/posts\/59137\/revisions"}],"wp:featuredmedia":[{"embeddable":true,"href":"https:\/\/globalnewsmexico.com\/sitio\/wp-json\/wp\/v2\/media\/59138"}],"wp:attachment":[{"href":"https:\/\/globalnewsmexico.com\/sitio\/wp-json\/wp\/v2\/media?parent=59137"}],"wp:term":[{"taxonomy":"category","embeddable":true,"href":"https:\/\/globalnewsmexico.com\/sitio\/wp-json\/wp\/v2\/categories?post=59137"},{"taxonomy":"post_tag","embeddable":true,"href":"https:\/\/globalnewsmexico.com\/sitio\/wp-json\/wp\/v2\/tags?post=59137"}],"curies":[{"name":"wp","href":"https:\/\/api.w.org\/{rel}","templated":true}]}}