{"id":59177,"date":"2020-12-25T17:16:00","date_gmt":"2020-12-25T23:16:00","guid":{"rendered":"http:\/\/globalnewsmexico.com\/sitio\/?p=59177"},"modified":"2020-12-25T17:16:00","modified_gmt":"2020-12-25T23:16:00","slug":"bryan-angulo-futbolista-de-cruz-azul-involucrado-en-homicidio-en-ecuador","status":"publish","type":"post","link":"https:\/\/globalnewsmexico.com\/sitio\/bryan-angulo-futbolista-de-cruz-azul-involucrado-en-homicidio-en-ecuador\/","title":{"rendered":"Bryan Angulo, futbolista de Cruz Azul, involucrado en homicidio en Ecuador"},"content":{"rendered":"\n<p>Bryan Angulo,\u00a0futbolista de Cruz Azul que jug\u00f3 cedido en los Xolos de Tijuana, estar\u00eda involucrado en un caso de asesinato en Ecuador, su pa\u00eds natal. Los hechos sucedieron este viernes en la madrugada, en los festejos de las fiestas decembrinas.<\/p>\n\n\n\n<p>Todo parece indicar que el futbolista organiz\u00f3 un festejo en las calles por la Nochebuena. Sin embargo, todo se sali\u00f3 de control tras una gresca, donde un hombre asesin\u00f3 al ciudadano Vicente Josu\u00e9 Palis.<\/p>\n\n\n\n<p>\u201cSe tratar\u00eda de un inconveniente por parte del occiso\u00a0con varios moradores del sector, entre ellos el se\u00f1or Bryan Angulo, origin\u00e1ndose una ri\u00f1a y posterior muerte del ciudadano Vicente Palis\u201d, inform\u00f3 la Polic\u00eda Nacional, seg\u00fan expuso\u00a0<em>TC Televisi\u00f3n<\/em>\u00a0de Ecuador.<\/p>\n\n\n\n<p>De acuerdo con el informe policial, publicado por\u00a0Ecuador Comunicaciones,\u00a0el delantero sudamericano solo hab\u00eda lanzado insultos en una discusi\u00f3n callejera. El problema es que en esos momentos fue cuando sucedi\u00f3 el asesinato, por lo que el jugador estar\u00eda envuelto en las pesquisas.<\/p>\n\n\n\n<p>Hasta el momento se desconoce la situaci\u00f3n jur\u00eddica de Angulo. Adem\u00e1s,\u00a0Cruz Azul tampoco se ha pronunciado sobre lo sucedido, a pesar de que el ariete tendr\u00eda que reportar este lunes a La Noria para el inicio de la pretemporada.<\/p>\n\n\n\n<p>Fuente: Infobae<\/p>\n","protected":false},"excerpt":{"rendered":"<p>Bryan Angulo,\u00a0futbolista de Cruz Azul que jug\u00f3 cedido en los Xolos de Tijuana, estar\u00eda involucrado en un caso de asesinato en Ecuador, su pa\u00eds natal. Los hechos sucedieron este viernes en la madrugada, en los festejos de las fiestas decembrinas. Todo parece indicar que el futbolista organiz\u00f3 un festejo en las calles por la Nochebuena.<a class=\"read-more\" href=\"https:\/\/globalnewsmexico.com\/sitio\/bryan-angulo-futbolista-de-cruz-azul-involucrado-en-homicidio-en-ecuador\/\">Leer m\u00e1s<\/a><\/p>\n","protected":false},"author":5,"featured_media":59178,"comment_status":"closed","ping_status":"open","sticky":false,"template":"","format":"standard","meta":{"spay_email":"","footnotes":""},"categories":[37,8,49,52],"tags":[],"jetpack_featured_media_url":"https:\/\/i1.wp.com\/globalnewsmexico.com\/sitio\/wp-content\/uploads\/2020\/12\/4CYBIFLT7NASDHPWJ2WXMPMQ5U.jpg?fit=1024%2C763&ssl=1","jetpack_sharing_enabled":true,"jetpack_shortlink":"https:\/\/wp.me\/p9yqPL-fot","jetpack_likes_enabled":true,"_links":{"self":[{"href":"https:\/\/globalnewsmexico.com\/sitio\/wp-json\/wp\/v2\/posts\/59177"}],"collection":[{"href":"https:\/\/globalnewsmexico.com\/sitio\/wp-json\/wp\/v2\/posts"}],"about":[{"href":"https:\/\/globalnewsmexico.com\/sitio\/wp-json\/wp\/v2\/types\/post"}],"author":[{"embeddable":true,"href":"https:\/\/globalnewsmexico.com\/sitio\/wp-json\/wp\/v2\/users\/5"}],"replies":[{"embeddable":true,"href":"https:\/\/globalnewsmexico.com\/sitio\/wp-json\/wp\/v2\/comments?post=59177"}],"version-history":[{"count":0,"href":"https:\/\/globalnewsmexico.com\/sitio\/wp-json\/wp\/v2\/posts\/59177\/revisions"}],"wp:featuredmedia":[{"embeddable":true,"href":"https:\/\/globalnewsmexico.com\/sitio\/wp-json\/wp\/v2\/media\/59178"}],"wp:attachment":[{"href":"https:\/\/globalnewsmexico.com\/sitio\/wp-json\/wp\/v2\/media?parent=59177"}],"wp:term":[{"taxonomy":"category","embeddable":true,"href":"https:\/\/globalnewsmexico.com\/sitio\/wp-json\/wp\/v2\/categories?post=59177"},{"taxonomy":"post_tag","embeddable":true,"href":"https:\/\/globalnewsmexico.com\/sitio\/wp-json\/wp\/v2\/tags?post=59177"}],"curies":[{"name":"wp","href":"https:\/\/api.w.org\/{rel}","templated":true}]}}