{"id":59239,"date":"2020-12-28T08:29:57","date_gmt":"2020-12-28T14:29:57","guid":{"rendered":"http:\/\/globalnewsmexico.com\/sitio\/?p=59239"},"modified":"2020-12-28T08:29:57","modified_gmt":"2020-12-28T14:29:57","slug":"muere-armando-manzanero-a-los-86-anos","status":"publish","type":"post","link":"https:\/\/globalnewsmexico.com\/sitio\/muere-armando-manzanero-a-los-86-anos\/","title":{"rendered":"Muere Armando Manzanero a los 86 a\u00f1os"},"content":{"rendered":"\n<p>El reconocido cantautor yucateco\u00a0Armando Manzanero falleci\u00f3 esta madrugada a los 86 a\u00f1os de edad,\u00a0a causa de un paro card\u00edaco. Hace poco se inform\u00f3 que el int\u00e9rprete de\u00a0&#8216;Somos novios&#8217;\u00a0dio positivo a Covid-19, por lo que tuvo que ser hospitalizado el 17 de diciembre, y\u00a0aunque este domingo se report\u00f3 que sus pulmones ya estaban bien, sus ri\u00f1ones tuvieron complicaciones, lo que lo mantuvo internado.<\/p>\n\n\n\n<p>Pol\u00edticos y artistas han comenzado a manifestar sus condolencias en redes sociales, como el cantante Ricardo Montaner y la secretaria de Cultura, Alejandra Frausto.<\/p>\n\n\n\n<figure class=\"wp-block-embed-twitter aligncenter wp-block-embed is-type-rich is-provider-twitter\"><div class=\"wp-block-embed__wrapper\">\n<blockquote class=\"twitter-tweet\" data-width=\"550\" data-dnt=\"true\"><p lang=\"es\" dir=\"ltr\">Amado <a href=\"https:\/\/twitter.com\/hashtag\/ArmandoManzanero?src=hash&amp;ref_src=twsrc%5Etfw\">#ArmandoManzanero<\/a> ,con esta canci\u00f3n imborrable de mi memoria y mi coraz\u00f3n ,te despido&#8230;siempre te estar\u00e9 agradecido por los consejos y las buenas charlas&#8230; PAZ <br><br>Te Extra\u00f1o Armando Manzanero ft. Ricardo Montaner (Audio) <a href=\"https:\/\/t.co\/Mue2m3NiEq\">https:\/\/t.co\/Mue2m3NiEq<\/a> v\u00eda <a href=\"https:\/\/twitter.com\/YouTube?ref_src=twsrc%5Etfw\">@YouTube<\/a><\/p>&mdash; Ricardo Montaner (@montanertwiter) <a href=\"https:\/\/twitter.com\/montanertwiter\/status\/1343550725465530370?ref_src=twsrc%5Etfw\">December 28, 2020<\/a><\/blockquote><script async src=\"https:\/\/platform.twitter.com\/widgets.js\" charset=\"utf-8\"><\/script>\n<\/div><\/figure>\n\n\n\n<figure class=\"wp-block-embed-twitter aligncenter wp-block-embed is-type-rich is-provider-twitter\"><div class=\"wp-block-embed__wrapper\">\n<blockquote class=\"twitter-tweet\" data-width=\"550\" data-dnt=\"true\"><p lang=\"es\" dir=\"ltr\">Con mucho dolor lamento la muerte del maestro Armando Manzanero, uno de los m\u00e1s grandes compositores de M\u00e9xico, sus canciones son parte definitiva de la educaci\u00f3n sentimental de los mexicanos. Generoso y sonriente, siempre comprometido con la cultura. Gracias por tanto. <a href=\"https:\/\/t.co\/DpmnO6tXyF\">pic.twitter.com\/DpmnO6tXyF<\/a><\/p>&mdash; Alejandra Frausto (@alefrausto) <a href=\"https:\/\/twitter.com\/alefrausto\/status\/1343560719678255105?ref_src=twsrc%5Etfw\">December 28, 2020<\/a><\/blockquote><script async src=\"https:\/\/platform.twitter.com\/widgets.js\" charset=\"utf-8\"><\/script>\n<\/div><\/figure>\n\n\n\n<p>A principios de diciembre, Armando Manzanero inaugur\u00f3\u00a0el Museo Casa Manzanero en M\u00e9rida, su lugar de nacimiento.\u00a0El museo est\u00e1 dedicado a la vida y a la exitosa trayectoria que tuvo a lo largo de m\u00e1s de 60 a\u00f1os.<\/p>\n\n\n\n<p>Este 2020 Armando Manzanero tambi\u00e9n recibi\u00f3 un\u00a0homenaje en la \u00faltima entrega de los Latin Grammy, en donde el espa\u00f1ol Pablo Albor\u00e1n,\u00a0Joy Huerta de Jesse &amp; Joy, Luis Fonsi y Jes\u00fas Navarro interpretaron algunos de sus \u00e9xitos.<\/p>\n\n\n\n<p>A lo largo de su carrera, el originario de M\u00e9rida escribi\u00f3 m\u00e1s de 400 canciones,\u00a0la mayor\u00eda de ellas interpretadas por cantantes como Luis Miguel, Alejandro Fern\u00e1ndez, Chavela Vargas,\u00a0Ang\u00e9lica Mar\u00eda, entre otros.<\/p>\n\n\n\n<p>Las cenizas del destacado yucateco ser\u00e1n entregadas a su familia este lunes alrededor del mediod\u00eda, y ser\u00e1n trasladadas a su natal M\u00e9rida.<\/p>\n\n\n\n<h2 class=\"wp-block-heading\">\u00bfQui\u00e9n era Armando Manzanero?<\/h2>\n\n\n\n<p>Armando Manzanero naci\u00f3 el 7 de diciembre de 1934; desde muy peque\u00f1o estuvo involucrado con la m\u00fasica, ya que su padre era m\u00fasico y fue uno de los fundadores de la orquesta Yucalpet\u00e9n, por lo que a los ocho a\u00f1os comenz\u00f3 a estudiar m\u00fasica en la escuela de Bellas Artes en M\u00e9rida.<\/p>\n\n\n\n<p>&#8216;Nunca en el mundo&#8217;\u00a0fue la primera melod\u00eda que compuso en 1950 y un a\u00f1o m\u00e1s tarde comenz\u00f3 a trabajar como pianista.\u00a0Para 1957, Armando Manzanero toma el cargo de director musical de la casa filial mexicana de la compa\u00f1\u00eda discogr\u00e1fica CBS Internacional.<\/p>\n\n\n\n<p>En los a\u00f1os 60 empez\u00f3 a obtener \u00e9xito con sus composiciones ya que en 1962 gan\u00f3 el quinto lugar en el Festival de la Canci\u00f3n en M\u00e9xico y en\u00a01965 se llev\u00f3 el primer lugar en el Festival de la Canci\u00f3n en Miami con\u00a0<em>Cuando estoy contigo<\/em>.<\/p>\n\n\n\n<p>En 1966 el cantante Carlos Lico interpret\u00f3\u00a0<em>No<\/em>, tema escrito por Manzanero y el cual lleg\u00f3 a los primeros lugares en la radio.\u00a0Fue as\u00ed que un a\u00f1o m\u00e1s tarde el yucateco grab\u00f3 su primer disco\u00a0<em>Mi primera grabaci\u00f3n<\/em>\u00a0al cual le seguir\u00edan otros como\u00a0<em>A mi amor\u2026 con mi amor<\/em>,\u00a0<em>Manzanero al Grande<\/em>\u00a0y muchos m\u00e1s.<\/p>\n\n\n\n<p>Algunas de sus canciones m\u00e1s famosas son\u00a0<em>Adoro<\/em>,\u00a0<em>Somos novios<\/em>,\u00a0<em>Esta tarde vi llover<\/em>,\u00a0<em>No<\/em>,\u00a0<em>Nada personal<\/em>,\u00a0<em>Contigo aprend\u00ed\u00a0<\/em>y\u00a0<em>No s\u00e9 t\u00fa<\/em>.<\/p>\n\n\n\n<p>Fuente: Milenio<\/p>\n","protected":false},"excerpt":{"rendered":"<p>El reconocido cantautor yucateco\u00a0Armando Manzanero falleci\u00f3 esta madrugada a los 86 a\u00f1os de edad,\u00a0a causa de un paro card\u00edaco. Hace poco se inform\u00f3 que el int\u00e9rprete de\u00a0&#8216;Somos novios&#8217;\u00a0dio positivo a Covid-19, por lo que tuvo que ser hospitalizado el 17 de diciembre, y\u00a0aunque este domingo se report\u00f3 que sus pulmones ya estaban bien, sus ri\u00f1ones<a class=\"read-more\" href=\"https:\/\/globalnewsmexico.com\/sitio\/muere-armando-manzanero-a-los-86-anos\/\">Leer m\u00e1s<\/a><\/p>\n","protected":false},"author":5,"featured_media":59243,"comment_status":"closed","ping_status":"open","sticky":false,"template":"","format":"standard","meta":{"spay_email":"","footnotes":""},"categories":[37,8,39,52],"tags":[],"jetpack_featured_media_url":"https:\/\/i2.wp.com\/globalnewsmexico.com\/sitio\/wp-content\/uploads\/2020\/12\/armando-manzanero-instagram.jpg?fit=958%2C596&ssl=1","jetpack_sharing_enabled":true,"jetpack_shortlink":"https:\/\/wp.me\/p9yqPL-fpt","jetpack_likes_enabled":true,"_links":{"self":[{"href":"https:\/\/globalnewsmexico.com\/sitio\/wp-json\/wp\/v2\/posts\/59239"}],"collection":[{"href":"https:\/\/globalnewsmexico.com\/sitio\/wp-json\/wp\/v2\/posts"}],"about":[{"href":"https:\/\/globalnewsmexico.com\/sitio\/wp-json\/wp\/v2\/types\/post"}],"author":[{"embeddable":true,"href":"https:\/\/globalnewsmexico.com\/sitio\/wp-json\/wp\/v2\/users\/5"}],"replies":[{"embeddable":true,"href":"https:\/\/globalnewsmexico.com\/sitio\/wp-json\/wp\/v2\/comments?post=59239"}],"version-history":[{"count":0,"href":"https:\/\/globalnewsmexico.com\/sitio\/wp-json\/wp\/v2\/posts\/59239\/revisions"}],"wp:featuredmedia":[{"embeddable":true,"href":"https:\/\/globalnewsmexico.com\/sitio\/wp-json\/wp\/v2\/media\/59243"}],"wp:attachment":[{"href":"https:\/\/globalnewsmexico.com\/sitio\/wp-json\/wp\/v2\/media?parent=59239"}],"wp:term":[{"taxonomy":"category","embeddable":true,"href":"https:\/\/globalnewsmexico.com\/sitio\/wp-json\/wp\/v2\/categories?post=59239"},{"taxonomy":"post_tag","embeddable":true,"href":"https:\/\/globalnewsmexico.com\/sitio\/wp-json\/wp\/v2\/tags?post=59239"}],"curies":[{"name":"wp","href":"https:\/\/api.w.org\/{rel}","templated":true}]}}