{"id":59283,"date":"2020-12-28T16:49:35","date_gmt":"2020-12-28T22:49:35","guid":{"rendered":"http:\/\/globalnewsmexico.com\/sitio\/?p=59283"},"modified":"2020-12-28T16:49:49","modified_gmt":"2020-12-28T22:49:49","slug":"apagon-afecto-a-10-3-millones-de-usuarios-en-todo-el-pais","status":"publish","type":"post","link":"https:\/\/globalnewsmexico.com\/sitio\/apagon-afecto-a-10-3-millones-de-usuarios-en-todo-el-pais\/","title":{"rendered":"Apag\u00f3n afect\u00f3 a 10.3 millones de usuarios en todo el pa\u00eds"},"content":{"rendered":"\n<p>La\u00a0Comisi\u00f3n Federal de Electricidad\u00a0(CFE) inform\u00f3 que un corte de electricidad se registr\u00f3 en varias ciudades del pa\u00eds, principalmente en la Ciudad de M\u00e9xico y Estado de M\u00e9xico, el cual afect\u00f3 a 10.3 millones de usuarios debido a una baja frecuencia en todo el territorio nacional, ocasionada por salidas de centrales de generaci\u00f3n.\u00a0<\/p>\n\n\n\n<p>La el\u00e9ctrica nacional a\u00f1adi\u00f3 que a las 14:52 horas inici\u00f3 el restablecimiento del servicio de los usuarios afectados y est\u00e1 sujeto a las instrucciones de el Centro&nbsp;Nacional de Control de Energ\u00eda (Cenace) quien&nbsp;debe garantizar la seguridad del Sistema El\u00e9ctrico Nacional.<\/p>\n\n\n\n<p>Por su parte, la Cenace inform\u00f3 que la raz\u00f3n del apag\u00f3n que est\u00e1 afectando a varios estados del pa\u00eds es que a las 14:28 horas (Hora Centro) se present\u00f3 un desbalance en el Sistema Interconectado Nacional, entre la carga y la generaci\u00f3n de energ\u00eda, ocasionando una p\u00e9rdida de aproximadamente 7500 MW.<\/p>\n\n\n\n<p>El Sistema Interconectado Nacional (SIN) es el principal sistema el\u00e9ctrico del pa\u00eds, que abarca geogr\u00e1ficamente desde Puerto Pe\u00f1asco, Sonora hasta Cozumel, Quintana Roo.<\/p>\n\n\n\n<p>Fuente: Milenio<\/p>\n","protected":false},"excerpt":{"rendered":"<p>La\u00a0Comisi\u00f3n Federal de Electricidad\u00a0(CFE) inform\u00f3 que un corte de electricidad se registr\u00f3 en varias ciudades del pa\u00eds, principalmente en la Ciudad de M\u00e9xico y Estado de M\u00e9xico, el cual afect\u00f3 a 10.3 millones de usuarios debido a una baja frecuencia en todo el territorio nacional, ocasionada por salidas de centrales de generaci\u00f3n.\u00a0 La el\u00e9ctrica nacional<a class=\"read-more\" href=\"https:\/\/globalnewsmexico.com\/sitio\/apagon-afecto-a-10-3-millones-de-usuarios-en-todo-el-pais\/\">Leer m\u00e1s<\/a><\/p>\n","protected":false},"author":5,"featured_media":59284,"comment_status":"closed","ping_status":"open","sticky":false,"template":"","format":"standard","meta":{"spay_email":"","footnotes":""},"categories":[37,8,39,52],"tags":[],"jetpack_featured_media_url":"https:\/\/i2.wp.com\/globalnewsmexico.com\/sitio\/wp-content\/uploads\/2020\/12\/trabajadores-comision-federal-electricidad-realizan_0_14_640_399.jpeg?fit=958%2C596&ssl=1","jetpack_sharing_enabled":true,"jetpack_shortlink":"https:\/\/wp.me\/p9yqPL-fqb","jetpack_likes_enabled":true,"_links":{"self":[{"href":"https:\/\/globalnewsmexico.com\/sitio\/wp-json\/wp\/v2\/posts\/59283"}],"collection":[{"href":"https:\/\/globalnewsmexico.com\/sitio\/wp-json\/wp\/v2\/posts"}],"about":[{"href":"https:\/\/globalnewsmexico.com\/sitio\/wp-json\/wp\/v2\/types\/post"}],"author":[{"embeddable":true,"href":"https:\/\/globalnewsmexico.com\/sitio\/wp-json\/wp\/v2\/users\/5"}],"replies":[{"embeddable":true,"href":"https:\/\/globalnewsmexico.com\/sitio\/wp-json\/wp\/v2\/comments?post=59283"}],"version-history":[{"count":0,"href":"https:\/\/globalnewsmexico.com\/sitio\/wp-json\/wp\/v2\/posts\/59283\/revisions"}],"wp:featuredmedia":[{"embeddable":true,"href":"https:\/\/globalnewsmexico.com\/sitio\/wp-json\/wp\/v2\/media\/59284"}],"wp:attachment":[{"href":"https:\/\/globalnewsmexico.com\/sitio\/wp-json\/wp\/v2\/media?parent=59283"}],"wp:term":[{"taxonomy":"category","embeddable":true,"href":"https:\/\/globalnewsmexico.com\/sitio\/wp-json\/wp\/v2\/categories?post=59283"},{"taxonomy":"post_tag","embeddable":true,"href":"https:\/\/globalnewsmexico.com\/sitio\/wp-json\/wp\/v2\/tags?post=59283"}],"curies":[{"name":"wp","href":"https:\/\/api.w.org\/{rel}","templated":true}]}}