{"id":59517,"date":"2021-01-02T10:25:09","date_gmt":"2021-01-02T16:25:09","guid":{"rendered":"http:\/\/globalnewsmexico.com\/sitio\/?p=59517"},"modified":"2021-01-02T10:25:13","modified_gmt":"2021-01-02T16:25:13","slug":"rechaza-ezln-que-espana-pida-perdon-por-conquista","status":"publish","type":"post","link":"https:\/\/globalnewsmexico.com\/sitio\/rechaza-ezln-que-espana-pida-perdon-por-conquista\/","title":{"rendered":"Rechaza EZLN que Espa\u00f1a pida perd\u00f3n por Conquista"},"content":{"rendered":"\n<p>A 27 a\u00f1os de su aparici\u00f3n p\u00fablica, el\u00a0Ej\u00e9rcito Zapatista de Liberaci\u00f3n Nacional (EZLN) iniciar\u00e1 en marzo una gira por el mundo.<\/p>\n\n\n\n<p>Una de sus primeras visitas ser\u00e1 Espa\u00f1a, donde les dir\u00e1n\u00a0\u201cque no tienen por qu\u00e9 pedir que les perdonemos nada\u201d.<\/p>\n\n\n\n<p>Contrario a lo que solicit\u00f3 el presidente\u00a0Andr\u00e9s Manuel L\u00f3pez Obrador, que Espa\u00f1a se disculpe por abusos cometidos en la Conquista, el EZLN indic\u00f3 que\u00a0\u201cya basta de jugar con el pasado lejano para justificar, con demagogia e hipocres\u00eda los cr\u00edmenes actuales en curso\u201d.<\/p>\n\n\n\n<p>En octubre pasado, indicaron que\u00a0su ruta de salida ser\u00e1 por el r\u00edo San Quint\u00edn, luego el r\u00edo Lacant\u00fan, para llegar a Tenosique, Tabasco, luego a Tulum, y posteriormente a Canc\u00fan, Quintana Roo, de donde partir\u00e1n hacia Europa.<\/p>\n\n\n\n<p>En videos difundidos a trav\u00e9s de redes sociales, se ve a zapatistas que derriban \u00e1rboles y construyen una balsa, en la que emprender\u00e1n su viaje a Europa.<\/p>\n\n\n\n<p>El subcomandante Mois\u00e9s anunci\u00f3 entonces que diversas delegaciones realizar\u00edan un \u201cviaje planetario\u201d, y que la primera parada ser\u00eda en Europa.<\/p>\n\n\n\n<p>Luego de que desde\u00a0marzo de 2020, los zapatistas anunciaron el cierre de sus caracoles por la pandemia de coronavirus, el fin de a\u00f1o tampoco realizaron eventos masivos ni hubo comunicados por el aniversario del levantamiento de 1994.<\/p>\n\n\n\n<p>Ayer, comenzaron una\u00a0campa\u00f1a en redes sociales para anunciar la gira internacional.<\/p>\n\n\n\n<p>En su itinerario europeo, los zapatistas dir\u00e1n \u201cque no nos conquistaron\u201d y que\u00a0no quieren alimentar el rencor racial, \u201cni alimentar un nacionalismo trasnochado\u201d.<\/p>\n\n\n\n<p>Fuente: Reforma<\/p>\n","protected":false},"excerpt":{"rendered":"<p>A 27 a\u00f1os de su aparici\u00f3n p\u00fablica, el\u00a0Ej\u00e9rcito Zapatista de Liberaci\u00f3n Nacional (EZLN) iniciar\u00e1 en marzo una gira por el mundo. Una de sus primeras visitas ser\u00e1 Espa\u00f1a, donde les dir\u00e1n\u00a0\u201cque no tienen por qu\u00e9 pedir que les perdonemos nada\u201d. Contrario a lo que solicit\u00f3 el presidente\u00a0Andr\u00e9s Manuel L\u00f3pez Obrador, que Espa\u00f1a se disculpe por<a class=\"read-more\" href=\"https:\/\/globalnewsmexico.com\/sitio\/rechaza-ezln-que-espana-pida-perdon-por-conquista\/\">Leer m\u00e1s<\/a><\/p>\n","protected":false},"author":5,"featured_media":59518,"comment_status":"closed","ping_status":"open","sticky":false,"template":"","format":"standard","meta":{"spay_email":"","footnotes":""},"categories":[37,8,39,52],"tags":[],"jetpack_featured_media_url":"https:\/\/i1.wp.com\/globalnewsmexico.com\/sitio\/wp-content\/uploads\/2021\/01\/ezln-1609600552-621x354-1.jpg?fit=1024%2C584&ssl=1","jetpack_sharing_enabled":true,"jetpack_shortlink":"https:\/\/wp.me\/p9yqPL-ftX","jetpack_likes_enabled":true,"_links":{"self":[{"href":"https:\/\/globalnewsmexico.com\/sitio\/wp-json\/wp\/v2\/posts\/59517"}],"collection":[{"href":"https:\/\/globalnewsmexico.com\/sitio\/wp-json\/wp\/v2\/posts"}],"about":[{"href":"https:\/\/globalnewsmexico.com\/sitio\/wp-json\/wp\/v2\/types\/post"}],"author":[{"embeddable":true,"href":"https:\/\/globalnewsmexico.com\/sitio\/wp-json\/wp\/v2\/users\/5"}],"replies":[{"embeddable":true,"href":"https:\/\/globalnewsmexico.com\/sitio\/wp-json\/wp\/v2\/comments?post=59517"}],"version-history":[{"count":0,"href":"https:\/\/globalnewsmexico.com\/sitio\/wp-json\/wp\/v2\/posts\/59517\/revisions"}],"wp:featuredmedia":[{"embeddable":true,"href":"https:\/\/globalnewsmexico.com\/sitio\/wp-json\/wp\/v2\/media\/59518"}],"wp:attachment":[{"href":"https:\/\/globalnewsmexico.com\/sitio\/wp-json\/wp\/v2\/media?parent=59517"}],"wp:term":[{"taxonomy":"category","embeddable":true,"href":"https:\/\/globalnewsmexico.com\/sitio\/wp-json\/wp\/v2\/categories?post=59517"},{"taxonomy":"post_tag","embeddable":true,"href":"https:\/\/globalnewsmexico.com\/sitio\/wp-json\/wp\/v2\/tags?post=59517"}],"curies":[{"name":"wp","href":"https:\/\/api.w.org\/{rel}","templated":true}]}}