{"id":59604,"date":"2021-01-04T20:40:06","date_gmt":"2021-01-05T02:40:06","guid":{"rendered":"http:\/\/globalnewsmexico.com\/sitio\/?p=59604"},"modified":"2021-01-04T20:40:15","modified_gmt":"2021-01-05T02:40:15","slug":"cofepris-autoriza-vacuna-anticovid-de-astrazeneca-para-uso-de-emergencia-en-mexico","status":"publish","type":"post","link":"https:\/\/globalnewsmexico.com\/sitio\/cofepris-autoriza-vacuna-anticovid-de-astrazeneca-para-uso-de-emergencia-en-mexico\/","title":{"rendered":"Cofepris autoriza vacuna anticovid de AstraZeneca para uso de emergencia en M\u00e9xico"},"content":{"rendered":"\n<p>El Comit\u00e9 de Mol\u00e9culas Nuevas de la Comisi\u00f3n Federal para la Prevenci\u00f3n contra Riesgos Sanitarios (Cofepris)\u00a0otorg\u00f3 el registro de uso de emergencia, en M\u00e9xico, de la vacuna desarrollada por AstraZeneca y la Universidad de Oxford contra el coronavirus.\u00a0<\/p>\n\n\n\n<p>\u00abHoy, 4 de enero de 2021,\u00a0@COFEPRIS\u00a0autoriz\u00f3 la vacuna de AstraZeneca para uso de emergencia contra el virus SARS-CoV-2\u00bb, escribi\u00f3 L\u00f3pez-Gatell en Twitter.<\/p>\n\n\n\n<figure class=\"wp-block-embed-twitter aligncenter wp-block-embed is-type-rich is-provider-twitter\"><div class=\"wp-block-embed__wrapper\">\n<blockquote class=\"twitter-tweet\" data-width=\"550\" data-dnt=\"true\"><p lang=\"es\" dir=\"ltr\">Hoy, 4 de enero de 2021, <a href=\"https:\/\/twitter.com\/COFEPRIS?ref_src=twsrc%5Etfw\">@COFEPRIS<\/a> autoriz\u00f3 la vacuna de AstraZeneca para uso de emergencia contra el virus SARS-CoV-2.<\/p>&mdash; Hugo L\u00f3pez-Gatell Ram\u00edrez (@HLGatell) <a href=\"https:\/\/twitter.com\/HLGatell\/status\/1346263912895942661?ref_src=twsrc%5Etfw\">January 5, 2021<\/a><\/blockquote><script async src=\"https:\/\/platform.twitter.com\/widgets.js\" charset=\"utf-8\"><\/script>\n<\/div><\/figure>\n\n\n\n<p>A trav\u00e9s de un comunicado, la Cofepris inform\u00f3 que dictamin\u00f3 como procedente la autorizaci\u00f3n para uso de emergencia de la vacuna de AstraZeneca contra el Covid-19, para as\u00ed ser utilizada en la Pol\u00edtica Nacional de vacunaci\u00f3n contra el virus SARS-CoV-2 para la prevenci\u00f3n del coronavirus.<\/p>\n\n\n\n<p>\u00abLa Cofepris con el apoyo del Comit\u00e9 de Mol\u00e9culas Nuevas, revis\u00f3 y dictamin\u00f3 la informaci\u00f3n referente a la vacuna AstraZeneca Covid-19, emitiendo este 04 de enero del 2021 opini\u00f3n favorable para su uso de emergencia\u00bb, expuso.\u00a0<\/p>\n\n\n\n<p>El canciller Marcelo Ebrard calific\u00f3 como \u00abmuy buena noticia\u00bb la aprobaci\u00f3n de la vacuna anticovid de&nbsp;&nbsp;AstraZeneca.&nbsp;<\/p>\n\n\n\n<p>\u00abMuy buena noticia la aprobaci\u00f3n de emergencia de la vacuna AstraZeneca por parte de COFEPRIS!!!! Con ello se iniciar\u00e1 muy pronto la producci\u00f3n en M\u00e9xico !!!\u00bb, escribi\u00f3 Ebrard en Twitter.<\/p>\n\n\n\n<figure class=\"wp-block-embed-twitter aligncenter wp-block-embed is-type-rich is-provider-twitter\"><div class=\"wp-block-embed__wrapper\">\n<blockquote class=\"twitter-tweet\" data-width=\"550\" data-dnt=\"true\"><p lang=\"es\" dir=\"ltr\">Muy buena noticia la aprobaci\u00f3n de emergencia de la vacuna  AztraZeneca por parte de COFEPRIS!!!! Con ello se iniciar\u00e1 muy pronto la producci\u00f3n en M\u00e9xico !!!<\/p>&mdash; Marcelo Ebrard C. (@m_ebrard) <a href=\"https:\/\/twitter.com\/m_ebrard\/status\/1346264657951035394?ref_src=twsrc%5Etfw\">January 5, 2021<\/a><\/blockquote><script async src=\"https:\/\/platform.twitter.com\/widgets.js\" charset=\"utf-8\"><\/script>\n<\/div><\/figure>\n\n\n\n<p>El 30 de diciembre de 2020,\u00a0Reino Unido se convirti\u00f3 en el primer pa\u00eds del mundo en aprobarla para su uso de emergencia, y despu\u00e9s sigui\u00f3 la Agencia Nacional de Vigilancia Sanitaria (Anvisa) de Brasil, bajo la figura de autorizaci\u00f3n de \u201cimportaci\u00f3n excepcional\u201d de dos millones de dosis de la vacuna contra covid-19 producida por el laboratorio anglo-sueco y la universidad brit\u00e1nica de Oxford.<\/p>\n\n\n\n<p>En Am\u00e9rica Latina, la Fundaci\u00f3n Slim del empresario Carlos Slim Hel\u00fa y los gobiernos de Argentina y M\u00e9xico\u00a0est\u00e1n comprometidos con distribuir la vacuna por toda la regi\u00f3n,\u00a0a excepci\u00f3n de Brasil.<\/p>\n\n\n\n<p>Argentina realizar\u00e1 el componente activo y M\u00e9xico envasar\u00e1 el biol\u00f3gico.\u00a0Se tiene comprometidas 250 millones de dosis en Am\u00e9rica Latina y, de \u00e9stas, M\u00e9xico adquirir\u00e1 55 millones por un costo de 4 d\u00f3lares cada una.\u00a0<\/p>\n\n\n\n<p>Se requieren dos dosis por persona a\u00fan cuando no se ha esclarecido las investigaciones publicadas por la misma empresa las cuales revelaron que\u00a0con dos dosis se alcanzar\u00eda un 66 por ciento de protecci\u00f3n, es decir,\u00a0seis\u00a0de cada 10 responder\u00edan con anticuerpos a la enfermedad SARS-CoV-2.<\/p>\n\n\n\n<p>Fuente: Milenio<\/p>\n","protected":false},"excerpt":{"rendered":"<p>El Comit\u00e9 de Mol\u00e9culas Nuevas de la Comisi\u00f3n Federal para la Prevenci\u00f3n contra Riesgos Sanitarios (Cofepris)\u00a0otorg\u00f3 el registro de uso de emergencia, en M\u00e9xico, de la vacuna desarrollada por AstraZeneca y la Universidad de Oxford contra el coronavirus.\u00a0 \u00abHoy, 4 de enero de 2021,\u00a0@COFEPRIS\u00a0autoriz\u00f3 la vacuna de AstraZeneca para uso de emergencia contra el virus<a class=\"read-more\" href=\"https:\/\/globalnewsmexico.com\/sitio\/cofepris-autoriza-vacuna-anticovid-de-astrazeneca-para-uso-de-emergencia-en-mexico\/\">Leer m\u00e1s<\/a><\/p>\n","protected":false},"author":5,"featured_media":59605,"comment_status":"closed","ping_status":"open","sticky":false,"template":"","format":"standard","meta":{"spay_email":"","footnotes":""},"categories":[37,8,39,52],"tags":[],"jetpack_featured_media_url":"https:\/\/i1.wp.com\/globalnewsmexico.com\/sitio\/wp-content\/uploads\/2021\/01\/frasco-vacuna-covid-astrazeneca-universidad_100_94_847_527.jpg?fit=958%2C596&ssl=1","jetpack_sharing_enabled":true,"jetpack_shortlink":"https:\/\/wp.me\/p9yqPL-fvm","jetpack_likes_enabled":true,"_links":{"self":[{"href":"https:\/\/globalnewsmexico.com\/sitio\/wp-json\/wp\/v2\/posts\/59604"}],"collection":[{"href":"https:\/\/globalnewsmexico.com\/sitio\/wp-json\/wp\/v2\/posts"}],"about":[{"href":"https:\/\/globalnewsmexico.com\/sitio\/wp-json\/wp\/v2\/types\/post"}],"author":[{"embeddable":true,"href":"https:\/\/globalnewsmexico.com\/sitio\/wp-json\/wp\/v2\/users\/5"}],"replies":[{"embeddable":true,"href":"https:\/\/globalnewsmexico.com\/sitio\/wp-json\/wp\/v2\/comments?post=59604"}],"version-history":[{"count":0,"href":"https:\/\/globalnewsmexico.com\/sitio\/wp-json\/wp\/v2\/posts\/59604\/revisions"}],"wp:featuredmedia":[{"embeddable":true,"href":"https:\/\/globalnewsmexico.com\/sitio\/wp-json\/wp\/v2\/media\/59605"}],"wp:attachment":[{"href":"https:\/\/globalnewsmexico.com\/sitio\/wp-json\/wp\/v2\/media?parent=59604"}],"wp:term":[{"taxonomy":"category","embeddable":true,"href":"https:\/\/globalnewsmexico.com\/sitio\/wp-json\/wp\/v2\/categories?post=59604"},{"taxonomy":"post_tag","embeddable":true,"href":"https:\/\/globalnewsmexico.com\/sitio\/wp-json\/wp\/v2\/tags?post=59604"}],"curies":[{"name":"wp","href":"https:\/\/api.w.org\/{rel}","templated":true}]}}