{"id":59674,"date":"2021-01-06T11:35:25","date_gmt":"2021-01-06T17:35:25","guid":{"rendered":"http:\/\/globalnewsmexico.com\/sitio\/?p=59674"},"modified":"2021-01-06T11:35:29","modified_gmt":"2021-01-06T17:35:29","slug":"elegira-lxv-legislatura-a-nuevo-titular-de-la-comision-estatal-de-derechos-humanos","status":"publish","type":"post","link":"https:\/\/globalnewsmexico.com\/sitio\/elegira-lxv-legislatura-a-nuevo-titular-de-la-comision-estatal-de-derechos-humanos\/","title":{"rendered":"Elegir\u00e1 LXV Legislatura a nuevo titular de la Comisi\u00f3n Estatal de Derechos Humanos"},"content":{"rendered":"\n<p>Con fundamento en lo establecido en la Constituci\u00f3n Pol\u00edtica local, en la Ley Org\u00e1nica del Poder Legislativo y en la Ley de la Comisi\u00f3n Estatal de Derechos Humanos, todas del estado de Veracruz de Ignacio de la Llave, y ante la pr\u00f3xima conclusi\u00f3n del periodo para el que fue electa la actual titular de la Comisi\u00f3n Estatal de Derechos Humanos (CEDH), la LXV Legislatura emite, este 6 de enero, la Convocatoria para los trabajos de elecci\u00f3n y designaci\u00f3n de quien ocupar\u00e1 este cargo del 30 de enero de 2021 al 29 de enero de 2026.<\/p>\n\n\n\n<p>De esta manera, corresponde al Congreso del Estado, a trav\u00e9s de la Comisi\u00f3n Permanente de Derechos Humanos y Atenci\u00f3n a Grupos Vulnerables, integrada por el diputado Alexis S\u00e1nchez Garc\u00eda y por las diputadas Deysi Juan Antonio y Montserrat Ortega Ruiz, presidente, secretaria y vocal respectivamente, organizar, conducir y validar el procedimiento establecido en la Convocatoria, bajo los principios de legalidad, certeza, transparencia e igualdad de g\u00e9nero y de oportunidades en su desarrollo.<\/p>\n\n\n\n<p>La Convocatoria est\u00e1 abierta a los organismos no gubernamentales, a las asociaciones y colegios vinculados a la defensa y promoci\u00f3n de los derechos humanos y, en general, a las entidades, instituciones y personalidades acad\u00e9micas o intelectuales, para que presenten sus propuestas de la persona que, a su juicio, deba ser designada titular de la Presidencia de la CEDH.<\/p>\n\n\n\n<p>Las propuestas deben ser presentadas por escrito; en caso de provenir de un organismo, una asociaci\u00f3n, un colegio, una entidad o un instituto, entregarse impresas en hoja membretada y rubricada por la o el titular del mismo; al tratarse de personalidades acad\u00e9micas o intelectuales, \u00e9stas precisar\u00e1n su actividad y el lugar donde la realizan.<\/p>\n\n\n\n<p>En el caso de las propuestas realizadas por organismos, asociaciones o colegios de la sociedad civil o agrupaciones de inter\u00e9s p\u00fablico, el remitente adjuntar\u00e1 copia del Acta Constitutiva o de los estatutos respectivos.<\/p>\n\n\n\n<p>Los requisitos a cumplir son: curriculum vitae actualizado con copias simples de documentos que acrediten lo contenido en \u00e9ste, copia certificada del acta de nacimiento, credencial de elector y proyecto de trabajo que considere los principales aspectos de la funci\u00f3n que ejercer\u00e1 durante los cinco a\u00f1os del encargo, en caso de ser designada o designado titular de la CEDH.<\/p>\n\n\n\n<p>Adem\u00e1s, un escrito rubricado por el candidato o candidata en el que, bajo protesta de decir verdad, manifieste no haber sido condenado por delito que amerite pena corporal de m\u00e1s de un a\u00f1o de prisi\u00f3n, o por robo, fraude, falsificaci\u00f3n, abuso de confianza o cualquier otro que afecte la buena fama.<\/p>\n\n\n\n<p>La entrega de las propuestas y de la documentaci\u00f3n se\u00f1alada ser\u00e1 en la oficina de la Presidencia de la Comisi\u00f3n Permanente de Derechos Humanos y Atenci\u00f3n a Grupos Vulnerables, en el Palacio Legislativo, ubicado en avenida Encanto sin n\u00famero esquina con avenida L\u00e1zaro C\u00e1rdenas, colonia El Mirador de esta ciudad, del 7 al 16 de enero de 2021, de lunes a viernes, de 10:00 a 18:00 horas, y s\u00e1bados, de 10:00 a 14:00.<\/p>\n\n\n\n<p>La relaci\u00f3n de las propuestas recibidas ser\u00e1 publicada el 18 de enero en la p\u00e1gina web del Congreso del Estado, www.legisver.gob.mx, a fin de que las y los interesados puedan aportar mayores elementos de juicio a la Comisi\u00f3n referida, teniendo como plazo para esto hasta el 22 del mismo mes y a\u00f1o.<\/p>\n\n\n\n<p>Acto seguido, la Comisi\u00f3n proceder\u00e1 a determinar las candidaturas que cumplan los requisitos de elegibilidad establecidos en la Ley Org\u00e1nica de la Comisi\u00f3n Estatal de Derechos Humanos y que tambi\u00e9n satisfagan los impuestos en la Base Cuarta de la Convocatoria.<\/p>\n\n\n\n<p>Posteriormente, la Comisi\u00f3n citar\u00e1 a comparecer de manera individual a las y los ciudadanos que cumplan los requisitos se\u00f1alados, con el objeto de que aporten mayores elementos que permitan conocer a detalle sus proyectos de trabajo en caso de ocupar la titularidad del \u00f3rgano aut\u00f3nomo.<\/p>\n\n\n\n<p>Concluidas las entrevistas a las y los aspirantes, la Comisi\u00f3n legislativa emitir\u00e1 el dictamen que contendr\u00e1 la terna de candidatos, mismo que ser\u00e1 sometido al Pleno de la LXV Legislatura, para que \u00e9ste nombre, mediante el voto de las dos terceras partes de sus integrantes, a la persona titular de la CEDH.<\/p>\n\n\n\n<p>La Convocatoria \u00edntegra con los requisitos, detalles y bases estar\u00e1 disponible al p\u00fablico en general en la p\u00e1gina web del Congreso del Estado, a partir de este mi\u00e9rcoles 6 de enero.<\/p>\n","protected":false},"excerpt":{"rendered":"<p>Con fundamento en lo establecido en la Constituci\u00f3n Pol\u00edtica local, en la Ley Org\u00e1nica del Poder Legislativo y en la Ley de la Comisi\u00f3n Estatal de Derechos Humanos, todas del estado de Veracruz de Ignacio de la Llave, y ante la pr\u00f3xima conclusi\u00f3n del periodo para el que fue electa la actual titular de la<a class=\"read-more\" href=\"https:\/\/globalnewsmexico.com\/sitio\/elegira-lxv-legislatura-a-nuevo-titular-de-la-comision-estatal-de-derechos-humanos\/\">Leer m\u00e1s<\/a><\/p>\n","protected":false},"author":5,"featured_media":59675,"comment_status":"closed","ping_status":"open","sticky":false,"template":"","format":"standard","meta":{"spay_email":"","footnotes":""},"categories":[37,8,50,52],"tags":[],"jetpack_featured_media_url":"https:\/\/i0.wp.com\/globalnewsmexico.com\/sitio\/wp-content\/uploads\/2021\/01\/f056fb0f-e500-41d0-b0e2-690e88d7f5ab.jpg?fit=1280%2C853&ssl=1","jetpack_sharing_enabled":true,"jetpack_shortlink":"https:\/\/wp.me\/p9yqPL-fwu","jetpack_likes_enabled":true,"_links":{"self":[{"href":"https:\/\/globalnewsmexico.com\/sitio\/wp-json\/wp\/v2\/posts\/59674"}],"collection":[{"href":"https:\/\/globalnewsmexico.com\/sitio\/wp-json\/wp\/v2\/posts"}],"about":[{"href":"https:\/\/globalnewsmexico.com\/sitio\/wp-json\/wp\/v2\/types\/post"}],"author":[{"embeddable":true,"href":"https:\/\/globalnewsmexico.com\/sitio\/wp-json\/wp\/v2\/users\/5"}],"replies":[{"embeddable":true,"href":"https:\/\/globalnewsmexico.com\/sitio\/wp-json\/wp\/v2\/comments?post=59674"}],"version-history":[{"count":0,"href":"https:\/\/globalnewsmexico.com\/sitio\/wp-json\/wp\/v2\/posts\/59674\/revisions"}],"wp:featuredmedia":[{"embeddable":true,"href":"https:\/\/globalnewsmexico.com\/sitio\/wp-json\/wp\/v2\/media\/59675"}],"wp:attachment":[{"href":"https:\/\/globalnewsmexico.com\/sitio\/wp-json\/wp\/v2\/media?parent=59674"}],"wp:term":[{"taxonomy":"category","embeddable":true,"href":"https:\/\/globalnewsmexico.com\/sitio\/wp-json\/wp\/v2\/categories?post=59674"},{"taxonomy":"post_tag","embeddable":true,"href":"https:\/\/globalnewsmexico.com\/sitio\/wp-json\/wp\/v2\/tags?post=59674"}],"curies":[{"name":"wp","href":"https:\/\/api.w.org\/{rel}","templated":true}]}}