{"id":59685,"date":"2021-01-06T13:47:38","date_gmt":"2021-01-06T19:47:38","guid":{"rendered":"http:\/\/globalnewsmexico.com\/sitio\/?p=59685"},"modified":"2021-01-06T13:47:43","modified_gmt":"2021-01-06T19:47:43","slug":"rinde-imss-homenaje-a-personal-de-enfermeria-en-su-dia","status":"publish","type":"post","link":"https:\/\/globalnewsmexico.com\/sitio\/rinde-imss-homenaje-a-personal-de-enfermeria-en-su-dia\/","title":{"rendered":"Rinde IMSS homenaje a personal de enfermer\u00eda en su d\u00eda"},"content":{"rendered":"\n<p>El\u00a0director del IMSS, Zo\u00e9 Robledo,\u00a0rindi\u00f3 un homenaje a los m\u00e1s de 142 mil enfermeros que este mi\u00e9rcoles celebraron su d\u00eda.<\/p>\n\n\n\n<p>Zo\u00e9 Robledo mencion\u00f3 que 139 enfermeras y enfermeros del IMSS han fallecido por luchar en contra del Covid-19\u00a0durante esta pandemia.<\/p>\n\n\n\n<p>Fabiana Mariana Zepeda, jefa de Enfermar\u00eda del IMSS,\u00a0dijo que el personal de Enfermer\u00eda se alista para la siguiente etapa, en la que atender\u00e1n a las personas sanas para vacunarlas y aminorar la pandemia.<\/p>\n\n\n\n<p>Por su parte, Mar\u00eda Olivia L\u00f3pez, jefa de Enfermer\u00eda del programa IMSS-BIENESTAR, rindi\u00f3 un homenaje a \u201clos \u00e1ngeles blancos que perdieron sus vidas por salvar las de otros\u201d.<\/p>\n\n\n\n<p>En tanto, el l\u00edder del\u00a0Sindicato de Trabajadores del IMSS, Arturo Olivares Cerda pidi\u00f3 a la poblaci\u00f3n mostrar empat\u00eda con el\u00a0personal m\u00e9dico, qued\u00e1ndose en casa para evitar contagios.<\/p>\n\n\n\n<p>Fuente: Exc\u00e9lsior<\/p>\n","protected":false},"excerpt":{"rendered":"<p>El\u00a0director del IMSS, Zo\u00e9 Robledo,\u00a0rindi\u00f3 un homenaje a los m\u00e1s de 142 mil enfermeros que este mi\u00e9rcoles celebraron su d\u00eda. Zo\u00e9 Robledo mencion\u00f3 que 139 enfermeras y enfermeros del IMSS han fallecido por luchar en contra del Covid-19\u00a0durante esta pandemia. Fabiana Mariana Zepeda, jefa de Enfermar\u00eda del IMSS,\u00a0dijo que el personal de Enfermer\u00eda se alista<a class=\"read-more\" href=\"https:\/\/globalnewsmexico.com\/sitio\/rinde-imss-homenaje-a-personal-de-enfermeria-en-su-dia\/\">Leer m\u00e1s<\/a><\/p>\n","protected":false},"author":5,"featured_media":59686,"comment_status":"closed","ping_status":"open","sticky":false,"template":"","format":"standard","meta":{"spay_email":"","footnotes":""},"categories":[37,8,49,52],"tags":[],"jetpack_featured_media_url":"https:\/\/i0.wp.com\/globalnewsmexico.com\/sitio\/wp-content\/uploads\/2021\/01\/2507233.jpg?fit=1024%2C768&ssl=1","jetpack_sharing_enabled":true,"jetpack_shortlink":"https:\/\/wp.me\/p9yqPL-fwF","jetpack_likes_enabled":true,"_links":{"self":[{"href":"https:\/\/globalnewsmexico.com\/sitio\/wp-json\/wp\/v2\/posts\/59685"}],"collection":[{"href":"https:\/\/globalnewsmexico.com\/sitio\/wp-json\/wp\/v2\/posts"}],"about":[{"href":"https:\/\/globalnewsmexico.com\/sitio\/wp-json\/wp\/v2\/types\/post"}],"author":[{"embeddable":true,"href":"https:\/\/globalnewsmexico.com\/sitio\/wp-json\/wp\/v2\/users\/5"}],"replies":[{"embeddable":true,"href":"https:\/\/globalnewsmexico.com\/sitio\/wp-json\/wp\/v2\/comments?post=59685"}],"version-history":[{"count":0,"href":"https:\/\/globalnewsmexico.com\/sitio\/wp-json\/wp\/v2\/posts\/59685\/revisions"}],"wp:featuredmedia":[{"embeddable":true,"href":"https:\/\/globalnewsmexico.com\/sitio\/wp-json\/wp\/v2\/media\/59686"}],"wp:attachment":[{"href":"https:\/\/globalnewsmexico.com\/sitio\/wp-json\/wp\/v2\/media?parent=59685"}],"wp:term":[{"taxonomy":"category","embeddable":true,"href":"https:\/\/globalnewsmexico.com\/sitio\/wp-json\/wp\/v2\/categories?post=59685"},{"taxonomy":"post_tag","embeddable":true,"href":"https:\/\/globalnewsmexico.com\/sitio\/wp-json\/wp\/v2\/tags?post=59685"}],"curies":[{"name":"wp","href":"https:\/\/api.w.org\/{rel}","templated":true}]}}