{"id":59730,"date":"2021-01-07T10:10:43","date_gmt":"2021-01-07T16:10:43","guid":{"rendered":"http:\/\/globalnewsmexico.com\/sitio\/?p=59730"},"modified":"2021-01-07T10:11:17","modified_gmt":"2021-01-07T16:11:17","slug":"alejandro-murat-gobernador-de-oaxaca-da-positivo-a-covid-19","status":"publish","type":"post","link":"https:\/\/globalnewsmexico.com\/sitio\/alejandro-murat-gobernador-de-oaxaca-da-positivo-a-covid-19\/","title":{"rendered":"Alejandro Murat, gobernador de Oaxaca, da positivo a Covid-19"},"content":{"rendered":"\n<p>El gobernador de Oaxaca, Alejandro Murat,\u00a0anunci\u00f3 este jueves que dio positivo a la prueba de Covid-19.<\/p>\n\n\n\n<p>\u00abComo parte de las acciones de prevenci\u00f3n, me realic\u00e9 la prueba Covid-19; he dado positivo. Estar\u00e9 aislado y seguir\u00e9 las recomendaciones de salud. Me encuentro bien, estar\u00e9 atento y dando seguimiento desde Oaxaca a las funciones que como gobernador me corresponden\u00bb, escribi\u00f3 en Twitter.<\/p>\n\n\n\n<p>Entre los gobernadores del pa\u00eds que han tenido la enfermedad causada por el SARS-COV-2 se encuentran el de Guanajuato, Diego Sinhue Rodr\u00edguez; el de Quer\u00e9taro, Francisco Dom\u00ednguez, y la jefa de Gobierno de la Ciudad de M\u00e9xico, Claudia Sheinbaum.<\/p>\n\n\n\n<p>La Secretar\u00eda de Salud inform\u00f3 el mi\u00e9rcoles que ya son 129 mil 987 las personas fallecidas por el nuevo coronavirus SARS-COV-2 en M\u00e9xico.<\/p>\n\n\n\n<p>Adem\u00e1s, los casos confirmados ascendieron a un mill\u00f3n 479 mil 835, detall\u00f3 Ricardo Cort\u00e9s Alcal\u00e1, director general de Promoci\u00f3n de la Salud.<\/p>\n\n\n\n<p>Mientras tanto, los casos activos estimados de la enfermedad Covid-19 aumentaron a 76 mil 101.<\/p>\n\n\n\n<p>Fuente: El Financiero<\/p>\n","protected":false},"excerpt":{"rendered":"<p>El gobernador de Oaxaca, Alejandro Murat,\u00a0anunci\u00f3 este jueves que dio positivo a la prueba de Covid-19. \u00abComo parte de las acciones de prevenci\u00f3n, me realic\u00e9 la prueba Covid-19; he dado positivo. Estar\u00e9 aislado y seguir\u00e9 las recomendaciones de salud. Me encuentro bien, estar\u00e9 atento y dando seguimiento desde Oaxaca a las funciones que como gobernador<a class=\"read-more\" href=\"https:\/\/globalnewsmexico.com\/sitio\/alejandro-murat-gobernador-de-oaxaca-da-positivo-a-covid-19\/\">Leer m\u00e1s<\/a><\/p>\n","protected":false},"author":5,"featured_media":59731,"comment_status":"closed","ping_status":"open","sticky":false,"template":"","format":"standard","meta":{"spay_email":"","footnotes":""},"categories":[37,8,39,52],"tags":[],"jetpack_featured_media_url":"https:\/\/i2.wp.com\/globalnewsmexico.com\/sitio\/wp-content\/uploads\/2021\/01\/alejandro-murat-gobernador-de-oaxaca-4.jpeg?fit=958%2C596&ssl=1","jetpack_sharing_enabled":true,"jetpack_shortlink":"https:\/\/wp.me\/p9yqPL-fxo","jetpack_likes_enabled":true,"_links":{"self":[{"href":"https:\/\/globalnewsmexico.com\/sitio\/wp-json\/wp\/v2\/posts\/59730"}],"collection":[{"href":"https:\/\/globalnewsmexico.com\/sitio\/wp-json\/wp\/v2\/posts"}],"about":[{"href":"https:\/\/globalnewsmexico.com\/sitio\/wp-json\/wp\/v2\/types\/post"}],"author":[{"embeddable":true,"href":"https:\/\/globalnewsmexico.com\/sitio\/wp-json\/wp\/v2\/users\/5"}],"replies":[{"embeddable":true,"href":"https:\/\/globalnewsmexico.com\/sitio\/wp-json\/wp\/v2\/comments?post=59730"}],"version-history":[{"count":0,"href":"https:\/\/globalnewsmexico.com\/sitio\/wp-json\/wp\/v2\/posts\/59730\/revisions"}],"wp:featuredmedia":[{"embeddable":true,"href":"https:\/\/globalnewsmexico.com\/sitio\/wp-json\/wp\/v2\/media\/59731"}],"wp:attachment":[{"href":"https:\/\/globalnewsmexico.com\/sitio\/wp-json\/wp\/v2\/media?parent=59730"}],"wp:term":[{"taxonomy":"category","embeddable":true,"href":"https:\/\/globalnewsmexico.com\/sitio\/wp-json\/wp\/v2\/categories?post=59730"},{"taxonomy":"post_tag","embeddable":true,"href":"https:\/\/globalnewsmexico.com\/sitio\/wp-json\/wp\/v2\/tags?post=59730"}],"curies":[{"name":"wp","href":"https:\/\/api.w.org\/{rel}","templated":true}]}}