{"id":59807,"date":"2021-01-08T15:27:23","date_gmt":"2021-01-08T21:27:23","guid":{"rendered":"http:\/\/globalnewsmexico.com\/sitio\/?p=59807"},"modified":"2021-01-08T15:27:30","modified_gmt":"2021-01-08T21:27:30","slug":"pide-oms-a-paises-ricos-no-apartar-dosis-de-vacuna-con-farmaceuticas","status":"publish","type":"post","link":"https:\/\/globalnewsmexico.com\/sitio\/pide-oms-a-paises-ricos-no-apartar-dosis-de-vacuna-con-farmaceuticas\/","title":{"rendered":"Pide OMS a pa\u00edses ricos no apartar dosis de vacuna con farmac\u00e9uticas"},"content":{"rendered":"\n<p>La Organizaci\u00f3n Mundial de la Salud (OMS) reclam\u00f3 este viernes m\u00e1s solidaridad en la lucha contra el Covid-19; adem\u00e1s, pidi\u00f3 a los pa\u00edses ricos que dejen de cerrar \u00abacuerdos bilaterales\u00bb con los laboratorios para reservar dosis de la vacuna.<\/p>\n\n\n\n<p>\u00abPido encarecidamente a los fabricantes que den prioridad al despliegue\u00bb de las vacunas a trav\u00e9s del mecanismo Covax puesto en marcha por la OMS y sus socios, declar\u00f3 el jefe de la citada agencia de la ONU, Tedros Adhanom Ghebreyesus, en una rueda de prensa.<\/p>\n\n\n\n<p>\u00abY pido encarecidamente a pa\u00edses y fabricantes que dejen de cerrar acuerdos bilaterales en detrimento del Covax\u00bb, recalc\u00f3.<\/p>\n\n\n\n<p>El director general de la OMS tambi\u00e9n inst\u00f3 a los pa\u00edses que pidieron m\u00e1s dosis de la vacuna de las necesarias que las \u00abdonen [\u2026] inmediatamente al Covax, que est\u00e1 preparado para distribuirlas de forma equitativa desde hoy mismo\u00bb.<\/p>\n\n\n\n<p>\u00abEl nacionalismo vacunal perjudica a todo el mundo\u00bb, subray\u00f3, lamentando que la vacuna solo haya llegado de momento a unos cuantos pa\u00edses empobrecidos.<\/p>\n\n\n\n<p>El llamado coincidi\u00f3 con una decisi\u00f3n de la Uni\u00f3n Europea, muy presionada por las cr\u00edticas suscitadas por la lentitud de las campa\u00f1as de vacunaci\u00f3n, de duplicar sus encargos de la vacuna anticovid desarrollada por Pfizer y BioNTech.<\/p>\n\n\n\n<p>Fuente: Agencias<\/p>\n","protected":false},"excerpt":{"rendered":"<p>La Organizaci\u00f3n Mundial de la Salud (OMS) reclam\u00f3 este viernes m\u00e1s solidaridad en la lucha contra el Covid-19; adem\u00e1s, pidi\u00f3 a los pa\u00edses ricos que dejen de cerrar \u00abacuerdos bilaterales\u00bb con los laboratorios para reservar dosis de la vacuna. \u00abPido encarecidamente a los fabricantes que den prioridad al despliegue\u00bb de las vacunas a trav\u00e9s del<a class=\"read-more\" href=\"https:\/\/globalnewsmexico.com\/sitio\/pide-oms-a-paises-ricos-no-apartar-dosis-de-vacuna-con-farmaceuticas\/\">Leer m\u00e1s<\/a><\/p>\n","protected":false},"author":5,"featured_media":59808,"comment_status":"closed","ping_status":"open","sticky":false,"template":"","format":"standard","meta":{"spay_email":"","footnotes":""},"categories":[37,8,48,52],"tags":[],"jetpack_featured_media_url":"https:\/\/i1.wp.com\/globalnewsmexico.com\/sitio\/wp-content\/uploads\/2021\/01\/image_large-2.jpg?fit=1024%2C667&ssl=1","jetpack_sharing_enabled":true,"jetpack_shortlink":"https:\/\/wp.me\/p9yqPL-fyD","jetpack_likes_enabled":true,"_links":{"self":[{"href":"https:\/\/globalnewsmexico.com\/sitio\/wp-json\/wp\/v2\/posts\/59807"}],"collection":[{"href":"https:\/\/globalnewsmexico.com\/sitio\/wp-json\/wp\/v2\/posts"}],"about":[{"href":"https:\/\/globalnewsmexico.com\/sitio\/wp-json\/wp\/v2\/types\/post"}],"author":[{"embeddable":true,"href":"https:\/\/globalnewsmexico.com\/sitio\/wp-json\/wp\/v2\/users\/5"}],"replies":[{"embeddable":true,"href":"https:\/\/globalnewsmexico.com\/sitio\/wp-json\/wp\/v2\/comments?post=59807"}],"version-history":[{"count":0,"href":"https:\/\/globalnewsmexico.com\/sitio\/wp-json\/wp\/v2\/posts\/59807\/revisions"}],"wp:featuredmedia":[{"embeddable":true,"href":"https:\/\/globalnewsmexico.com\/sitio\/wp-json\/wp\/v2\/media\/59808"}],"wp:attachment":[{"href":"https:\/\/globalnewsmexico.com\/sitio\/wp-json\/wp\/v2\/media?parent=59807"}],"wp:term":[{"taxonomy":"category","embeddable":true,"href":"https:\/\/globalnewsmexico.com\/sitio\/wp-json\/wp\/v2\/categories?post=59807"},{"taxonomy":"post_tag","embeddable":true,"href":"https:\/\/globalnewsmexico.com\/sitio\/wp-json\/wp\/v2\/tags?post=59807"}],"curies":[{"name":"wp","href":"https:\/\/api.w.org\/{rel}","templated":true}]}}