{"id":59831,"date":"2021-01-09T11:28:25","date_gmt":"2021-01-09T17:28:25","guid":{"rendered":"http:\/\/globalnewsmexico.com\/sitio\/?p=59831"},"modified":"2021-01-09T11:28:30","modified_gmt":"2021-01-09T17:28:30","slug":"se-estrella-un-avion-comercial-en-indonesia-con-62-personas-a-bordo","status":"publish","type":"post","link":"https:\/\/globalnewsmexico.com\/sitio\/se-estrella-un-avion-comercial-en-indonesia-con-62-personas-a-bordo\/","title":{"rendered":"Se estrella un avi\u00f3n comercial en Indonesia con 62 personas a bordo"},"content":{"rendered":"\n<p>Las autoridades de\u00a0Indonesia\u00a0confirmaron este s\u00e1bado que el\u00a0avi\u00f3n comercial con 56 pasajeros y 6 tripulantes\u00a0a bordo, del que se hab\u00eda perdido la pista, sufri\u00f3 un accidente al caer sobre el mar frente a la costa de Yakarta.<br><br>Bambang Suryohadi, de la agencia indonesia de b\u00fasqueda y rescate, Basarna, inform\u00f3 en una rueda de prensa de emergencia que el avi\u00f3n de la aerol\u00ednea Sriwajaya, un Boeing 737-524, se estrell\u00f3 en el Mar de Java pocos minutos despu\u00e9s de haber despegado del Aeropuerto Internacional Sukarno-Hatta, en la capital indonesia, con destino a Pontianak, capital de Borneo Occidental.<br><br>Casi simult\u00e1neamente, el ministro de Transporte indonesio, Budi Karya Sumadi, tambi\u00e9n ofrec\u00eda una rueda de prensa en la que explicaba que se perdi\u00f3 contacto con el aparato a las 14.40 (hora local, 6.40 GMT), unos 13 minutos despu\u00e9s de haber despegado.<\/p>\n\n\n\n<p>En aquel momento, el avi\u00f3n hab\u00eda cambiado bruscamente de direcci\u00f3n, lo que suscit\u00f3 que la torre de control preguntara a los pilotos qu\u00e9 estaba sucediendo cuando, repentinamente, desapareci\u00f3 del radar, seg\u00fan el ministro, que expres\u00f3 su \u00abpesar\u00bb por el incidente.<br><br>Por su parte, el portavoz de la agencia de b\u00fasqueda y rescate, se\u00f1al\u00f3 que ya se hab\u00edan hallado restos del avi\u00f3n, y que se espera que se localice el punto exacto de la colisi\u00f3n esta misma noche, tras lo cual se enviar\u00e1 un equipo al lugar el domingo.<\/p>\n\n\n\n<p>En el avi\u00f3n viajaban 56 pasajeros, incluidos tres beb\u00e9s y otros siete menores de edad, y seis tripulantes, seg\u00fan el manifiesto de vuelo al que ha tenido acceso Efe, aunque de momento se desconoce si hab\u00eda entre ellos ciudadanos extranjeros.<br><br>La Polic\u00eda inform\u00f3 de que ha instalado un puesto de identificaci\u00f3n de cad\u00e1veres en un hospital de Yakarta oriental d\u00f3nde se atender\u00e1 a las familias y allegados de las v\u00edctimas, informa el portal local Detik.<br><br>Por su parte, pescadores de las inmediaciones afirmaron a medios locales que hab\u00edan presenciado una explosi\u00f3n y hallado flotando en el mar los posibles restos del accidente a\u00e9reo.<\/p>\n\n\n\n<p>Fuente: El Pa\u00eds<\/p>\n","protected":false},"excerpt":{"rendered":"<p>Las autoridades de\u00a0Indonesia\u00a0confirmaron este s\u00e1bado que el\u00a0avi\u00f3n comercial con 56 pasajeros y 6 tripulantes\u00a0a bordo, del que se hab\u00eda perdido la pista, sufri\u00f3 un accidente al caer sobre el mar frente a la costa de Yakarta. Bambang Suryohadi, de la agencia indonesia de b\u00fasqueda y rescate, Basarna, inform\u00f3 en una rueda de prensa de emergencia<a class=\"read-more\" href=\"https:\/\/globalnewsmexico.com\/sitio\/se-estrella-un-avion-comercial-en-indonesia-con-62-personas-a-bordo\/\">Leer m\u00e1s<\/a><\/p>\n","protected":false},"author":5,"featured_media":59832,"comment_status":"closed","ping_status":"open","sticky":false,"template":"","format":"standard","meta":{"spay_email":"","footnotes":""},"categories":[37,8,48,52],"tags":[],"jetpack_featured_media_url":"https:\/\/i2.wp.com\/globalnewsmexico.com\/sitio\/wp-content\/uploads\/2021\/01\/5ff9c92aa757f.jpeg?fit=1024%2C656&ssl=1","jetpack_sharing_enabled":true,"jetpack_shortlink":"https:\/\/wp.me\/p9yqPL-fz1","jetpack_likes_enabled":true,"_links":{"self":[{"href":"https:\/\/globalnewsmexico.com\/sitio\/wp-json\/wp\/v2\/posts\/59831"}],"collection":[{"href":"https:\/\/globalnewsmexico.com\/sitio\/wp-json\/wp\/v2\/posts"}],"about":[{"href":"https:\/\/globalnewsmexico.com\/sitio\/wp-json\/wp\/v2\/types\/post"}],"author":[{"embeddable":true,"href":"https:\/\/globalnewsmexico.com\/sitio\/wp-json\/wp\/v2\/users\/5"}],"replies":[{"embeddable":true,"href":"https:\/\/globalnewsmexico.com\/sitio\/wp-json\/wp\/v2\/comments?post=59831"}],"version-history":[{"count":0,"href":"https:\/\/globalnewsmexico.com\/sitio\/wp-json\/wp\/v2\/posts\/59831\/revisions"}],"wp:featuredmedia":[{"embeddable":true,"href":"https:\/\/globalnewsmexico.com\/sitio\/wp-json\/wp\/v2\/media\/59832"}],"wp:attachment":[{"href":"https:\/\/globalnewsmexico.com\/sitio\/wp-json\/wp\/v2\/media?parent=59831"}],"wp:term":[{"taxonomy":"category","embeddable":true,"href":"https:\/\/globalnewsmexico.com\/sitio\/wp-json\/wp\/v2\/categories?post=59831"},{"taxonomy":"post_tag","embeddable":true,"href":"https:\/\/globalnewsmexico.com\/sitio\/wp-json\/wp\/v2\/tags?post=59831"}],"curies":[{"name":"wp","href":"https:\/\/api.w.org\/{rel}","templated":true}]}}