{"id":59833,"date":"2021-01-09T11:47:04","date_gmt":"2021-01-09T17:47:04","guid":{"rendered":"http:\/\/globalnewsmexico.com\/sitio\/?p=59833"},"modified":"2021-01-09T11:47:09","modified_gmt":"2021-01-09T17:47:09","slug":"prevalecera-el-ambiente-frio-en-el-pais-2","status":"publish","type":"post","link":"https:\/\/globalnewsmexico.com\/sitio\/prevalecera-el-ambiente-frio-en-el-pais-2\/","title":{"rendered":"Prevalecer\u00e1 el ambiente fr\u00edo en el pa\u00eds"},"content":{"rendered":"\n<p>El Servicio Meteorol\u00f3gico Nacional inform\u00f3 que la\u00a0masa\u00a0de aire\u00a0asociada al\u00a0frente n\u00famero 25,\u00a0continuar\u00e1 generando\u00a0ambiente fr\u00edo a muy fr\u00edo, durante la ma\u00f1ana y noche, sobre los estados de la Mesa del Norte y la Mesa Central, incluyendo el Valle de M\u00e9xico, con heladas al amanecer en zonas monta\u00f1osas de dichas regiones.<\/p>\n\n\n\n<p>Adem\u00e1s, se prev\u00e9n bancos de niebla matutina\u00a0a lo largo de la Sierra Madre Oriental, centro y sureste del pa\u00eds, as\u00ed como viento de componente norte con rachas de 60 a 70 kil\u00f3metros por hora en el Istmo y Golfo de Tehuantepec.<\/p>\n\n\n\n<p>Por otro lado, la\u00a0corriente en chorro subtropical\u00a0originar\u00e1\u00a0arrastre de humedad\u00a0hacia el interior del pa\u00eds, originando lluvias con chubascos en el occidente, centro, sur y sureste de M\u00e9xico, incluyendo el Valle de M\u00e9xico. Se prev\u00e9 tambi\u00e9n, viento de componente sur con rachas de 50 a 60 kil\u00f3metros por hora en las costas de Tamaulipas y Veracruz, adem\u00e1s de intervalos de chubascos en dichas regiones.<\/p>\n\n\n\n<p>Finalmente, un\u00a0nuevo frente fr\u00edo (n\u00famero 26), se aproximar\u00e1 al\u00a0norte de M\u00e9xico, ocasionando\u00a0rachas de 60 a 70 kil\u00f3metros por hora y posibles tolvaneras en Baja California, Golfo de California, Sonora, Chihuahua, Durango y Coahuila.<\/p>\n","protected":false},"excerpt":{"rendered":"<p>El Servicio Meteorol\u00f3gico Nacional inform\u00f3 que la\u00a0masa\u00a0de aire\u00a0asociada al\u00a0frente n\u00famero 25,\u00a0continuar\u00e1 generando\u00a0ambiente fr\u00edo a muy fr\u00edo, durante la ma\u00f1ana y noche, sobre los estados de la Mesa del Norte y la Mesa Central, incluyendo el Valle de M\u00e9xico, con heladas al amanecer en zonas monta\u00f1osas de dichas regiones. Adem\u00e1s, se prev\u00e9n bancos de niebla matutina\u00a0a<a class=\"read-more\" href=\"https:\/\/globalnewsmexico.com\/sitio\/prevalecera-el-ambiente-frio-en-el-pais-2\/\">Leer m\u00e1s<\/a><\/p>\n","protected":false},"author":5,"featured_media":38579,"comment_status":"closed","ping_status":"open","sticky":false,"template":"","format":"standard","meta":{"spay_email":"","footnotes":""},"categories":[37,8,49,52],"tags":[],"jetpack_featured_media_url":"https:\/\/i2.wp.com\/globalnewsmexico.com\/sitio\/wp-content\/uploads\/2019\/11\/frio-1-610x389.jpg?fit=1040%2C663&ssl=1","jetpack_sharing_enabled":true,"jetpack_shortlink":"https:\/\/wp.me\/p9yqPL-fz3","jetpack_likes_enabled":true,"_links":{"self":[{"href":"https:\/\/globalnewsmexico.com\/sitio\/wp-json\/wp\/v2\/posts\/59833"}],"collection":[{"href":"https:\/\/globalnewsmexico.com\/sitio\/wp-json\/wp\/v2\/posts"}],"about":[{"href":"https:\/\/globalnewsmexico.com\/sitio\/wp-json\/wp\/v2\/types\/post"}],"author":[{"embeddable":true,"href":"https:\/\/globalnewsmexico.com\/sitio\/wp-json\/wp\/v2\/users\/5"}],"replies":[{"embeddable":true,"href":"https:\/\/globalnewsmexico.com\/sitio\/wp-json\/wp\/v2\/comments?post=59833"}],"version-history":[{"count":0,"href":"https:\/\/globalnewsmexico.com\/sitio\/wp-json\/wp\/v2\/posts\/59833\/revisions"}],"wp:featuredmedia":[{"embeddable":true,"href":"https:\/\/globalnewsmexico.com\/sitio\/wp-json\/wp\/v2\/media\/38579"}],"wp:attachment":[{"href":"https:\/\/globalnewsmexico.com\/sitio\/wp-json\/wp\/v2\/media?parent=59833"}],"wp:term":[{"taxonomy":"category","embeddable":true,"href":"https:\/\/globalnewsmexico.com\/sitio\/wp-json\/wp\/v2\/categories?post=59833"},{"taxonomy":"post_tag","embeddable":true,"href":"https:\/\/globalnewsmexico.com\/sitio\/wp-json\/wp\/v2\/tags?post=59833"}],"curies":[{"name":"wp","href":"https:\/\/api.w.org\/{rel}","templated":true}]}}