{"id":59848,"date":"2021-01-09T15:44:22","date_gmt":"2021-01-09T21:44:22","guid":{"rendered":"http:\/\/globalnewsmexico.com\/sitio\/?p=59848"},"modified":"2021-01-09T15:44:54","modified_gmt":"2021-01-09T21:44:54","slug":"dan-de-alta-a-cinco-trabajadores-de-metro-tras-incendio","status":"publish","type":"post","link":"https:\/\/globalnewsmexico.com\/sitio\/dan-de-alta-a-cinco-trabajadores-de-metro-tras-incendio\/","title":{"rendered":"Dan de alta a cinco trabajadores de Metro tras incendio"},"content":{"rendered":"\n<p>Al menos cinco de los 11 trabajadores\u00a0del\u00a0Sistema de Transporte Colectivo Metro\u00a0(STC) de la Ciudad de M\u00e9xico, que fueron hospitalizados tras el\u00a0incendio en la Central de Control, ya\u00a0fueron dados de alta\u00a0del Sanatorio Durango.<\/p>\n\n\n\n<p>Los trabajadores salieron del hospital ubicado en la colonia Roma, alcald\u00eda Cuauht\u00e9moc, desde las 13:00 horas, mientras que los familiares de seis empleados intoxicados m\u00e1s esperan noticias afuera del centro m\u00e9dico.<\/p>\n\n\n\n<p>Los familiares de los trabajadores que contin\u00faan en atenci\u00f3n m\u00e9dica comentaron que la mayor afectaci\u00f3n que sufrieron fue la inhalaci\u00f3n de humo y gases t\u00f3xicos, por lo que se les suministr\u00f3 ox\u00edgeno.<\/p>\n\n\n\n<p>Personal de la Fiscal\u00eda General de Justicia de la Ciudad de M\u00e9xico apoy\u00f3 a los familiares de los trabajadores intoxicados, al entregarles un pase para que reciban atenci\u00f3n psicol\u00f3gica despu\u00e9s del siniestro al que estuvieron expuestos.<\/p>\n\n\n\n<p>Juan Mart\u00edn Cabrera, regulador del Puesto Central de Control, uno de los pacientes que sali\u00f3 por su propio pie, platic\u00f3 que al escuchar la alarma, los empleados no supieron c\u00f3mo reaccionar, pues no se les ha capacitado para saber c\u00f3mo hacerlo.&nbsp;<\/p>\n\n\n\n<p>\u201cEscuchamos una alarma, no sab\u00edamos si era de incendio, si era de temblor, pensamos que iba a temblar, entonces, permanecimos un momento all\u00ed hasta que empezamos a ver que sal\u00eda humo y en cuesti\u00f3n de segundos ya no se alcanzaba a ver y fue que tomamos la decisi\u00f3n de salir por la escalera de emergencia\u201d, dijo.<\/p>\n\n\n\n<p>A algunos les recetaron jarabes para la tos y paracetamol para el dolor de cabeza, y\u00a0aunque sal\u00edan con los ojos rojos por el humo, comentaron que no se les hab\u00edan recetado gotas para los ojos.<\/p>\n\n\n\n<p>Fuente: Milenio<\/p>\n","protected":false},"excerpt":{"rendered":"<p>Al menos cinco de los 11 trabajadores\u00a0del\u00a0Sistema de Transporte Colectivo Metro\u00a0(STC) de la Ciudad de M\u00e9xico, que fueron hospitalizados tras el\u00a0incendio en la Central de Control, ya\u00a0fueron dados de alta\u00a0del Sanatorio Durango. Los trabajadores salieron del hospital ubicado en la colonia Roma, alcald\u00eda Cuauht\u00e9moc, desde las 13:00 horas, mientras que los familiares de seis empleados<a class=\"read-more\" href=\"https:\/\/globalnewsmexico.com\/sitio\/dan-de-alta-a-cinco-trabajadores-de-metro-tras-incendio\/\">Leer m\u00e1s<\/a><\/p>\n","protected":false},"author":5,"featured_media":59849,"comment_status":"closed","ping_status":"open","sticky":false,"template":"","format":"standard","meta":{"spay_email":"","footnotes":""},"categories":[37,8,49,52],"tags":[],"jetpack_featured_media_url":"https:\/\/i1.wp.com\/globalnewsmexico.com\/sitio\/wp-content\/uploads\/2021\/01\/trabajadores-metro-dados-alta-sanatorio.jpeg?fit=958%2C596&ssl=1","jetpack_sharing_enabled":true,"jetpack_shortlink":"https:\/\/wp.me\/p9yqPL-fzi","jetpack_likes_enabled":true,"_links":{"self":[{"href":"https:\/\/globalnewsmexico.com\/sitio\/wp-json\/wp\/v2\/posts\/59848"}],"collection":[{"href":"https:\/\/globalnewsmexico.com\/sitio\/wp-json\/wp\/v2\/posts"}],"about":[{"href":"https:\/\/globalnewsmexico.com\/sitio\/wp-json\/wp\/v2\/types\/post"}],"author":[{"embeddable":true,"href":"https:\/\/globalnewsmexico.com\/sitio\/wp-json\/wp\/v2\/users\/5"}],"replies":[{"embeddable":true,"href":"https:\/\/globalnewsmexico.com\/sitio\/wp-json\/wp\/v2\/comments?post=59848"}],"version-history":[{"count":0,"href":"https:\/\/globalnewsmexico.com\/sitio\/wp-json\/wp\/v2\/posts\/59848\/revisions"}],"wp:featuredmedia":[{"embeddable":true,"href":"https:\/\/globalnewsmexico.com\/sitio\/wp-json\/wp\/v2\/media\/59849"}],"wp:attachment":[{"href":"https:\/\/globalnewsmexico.com\/sitio\/wp-json\/wp\/v2\/media?parent=59848"}],"wp:term":[{"taxonomy":"category","embeddable":true,"href":"https:\/\/globalnewsmexico.com\/sitio\/wp-json\/wp\/v2\/categories?post=59848"},{"taxonomy":"post_tag","embeddable":true,"href":"https:\/\/globalnewsmexico.com\/sitio\/wp-json\/wp\/v2\/tags?post=59848"}],"curies":[{"name":"wp","href":"https:\/\/api.w.org\/{rel}","templated":true}]}}