{"id":59961,"date":"2021-01-13T09:28:28","date_gmt":"2021-01-13T15:28:28","guid":{"rendered":"http:\/\/globalnewsmexico.com\/sitio\/?p=59961"},"modified":"2021-01-13T09:28:32","modified_gmt":"2021-01-13T15:28:32","slug":"mexico-inicia-aplicacion-de-vacuna-anticovid-a-nivel-nacional","status":"publish","type":"post","link":"https:\/\/globalnewsmexico.com\/sitio\/mexico-inicia-aplicacion-de-vacuna-anticovid-a-nivel-nacional\/","title":{"rendered":"M\u00e9xico inicia aplicaci\u00f3n de vacuna anticovid a nivel nacional"},"content":{"rendered":"\n<p>La aplicaci\u00f3n de la\u00a0vacuna contra el coronavirus\u00a0a nivel nacional comenz\u00f3 hoy, luego de que ayer lleg\u00f3 a M\u00e9xico el quinto cargamento de Pfizer y BioNtech, con m\u00e1s de\u00a0439 mil dosis que se\u00a0distribuyeron a todos los estados del pa\u00eds.<\/p>\n\n\n\n<p>En su conferencia ma\u00f1anera, el presidente Andr\u00e9s Manuel L\u00f3pez Obrador celebr\u00f3 el inicio de la vacunaci\u00f3n masiva e indic\u00f3 que en estados como Colima, Tabasco y Oaxaca, entre otros, las brigadas iniciaron la aplicaci\u00f3n de las dosis.<\/p>\n\n\n\n<p>En esta primera etapa se vacunar\u00e1n a los trabajadores del sector salud que est\u00e1n en la primera l\u00ednea atendiendo los casos en hospitales y, una vez terminado, continuar\u00e1n los adultos mayores.<\/p>\n\n\n\n<p>Hasta el momento, se han aplicado m\u00e1s de 92 mil vacunas en la\u00a0Ciudad de M\u00e9xico, Coahuila y Nuevo Le\u00f3n, que sirvieron como estados para calibrar el programa de vacunaci\u00f3n masiva.<\/p>\n\n\n\n<p>Fuente: Milenio<\/p>\n","protected":false},"excerpt":{"rendered":"<p>La aplicaci\u00f3n de la\u00a0vacuna contra el coronavirus\u00a0a nivel nacional comenz\u00f3 hoy, luego de que ayer lleg\u00f3 a M\u00e9xico el quinto cargamento de Pfizer y BioNtech, con m\u00e1s de\u00a0439 mil dosis que se\u00a0distribuyeron a todos los estados del pa\u00eds. En su conferencia ma\u00f1anera, el presidente Andr\u00e9s Manuel L\u00f3pez Obrador celebr\u00f3 el inicio de la vacunaci\u00f3n masiva<a class=\"read-more\" href=\"https:\/\/globalnewsmexico.com\/sitio\/mexico-inicia-aplicacion-de-vacuna-anticovid-a-nivel-nacional\/\">Leer m\u00e1s<\/a><\/p>\n","protected":false},"author":5,"featured_media":59962,"comment_status":"closed","ping_status":"open","sticky":false,"template":"","format":"standard","meta":{"spay_email":"","footnotes":""},"categories":[37,8,39,52],"tags":[],"jetpack_featured_media_url":"https:\/\/i2.wp.com\/globalnewsmexico.com\/sitio\/wp-content\/uploads\/2021\/01\/inicia-vacunacion-covid-coahuila-omar.jpg?fit=958%2C596&ssl=1","jetpack_sharing_enabled":true,"jetpack_shortlink":"https:\/\/wp.me\/p9yqPL-fB7","jetpack_likes_enabled":true,"_links":{"self":[{"href":"https:\/\/globalnewsmexico.com\/sitio\/wp-json\/wp\/v2\/posts\/59961"}],"collection":[{"href":"https:\/\/globalnewsmexico.com\/sitio\/wp-json\/wp\/v2\/posts"}],"about":[{"href":"https:\/\/globalnewsmexico.com\/sitio\/wp-json\/wp\/v2\/types\/post"}],"author":[{"embeddable":true,"href":"https:\/\/globalnewsmexico.com\/sitio\/wp-json\/wp\/v2\/users\/5"}],"replies":[{"embeddable":true,"href":"https:\/\/globalnewsmexico.com\/sitio\/wp-json\/wp\/v2\/comments?post=59961"}],"version-history":[{"count":0,"href":"https:\/\/globalnewsmexico.com\/sitio\/wp-json\/wp\/v2\/posts\/59961\/revisions"}],"wp:featuredmedia":[{"embeddable":true,"href":"https:\/\/globalnewsmexico.com\/sitio\/wp-json\/wp\/v2\/media\/59962"}],"wp:attachment":[{"href":"https:\/\/globalnewsmexico.com\/sitio\/wp-json\/wp\/v2\/media?parent=59961"}],"wp:term":[{"taxonomy":"category","embeddable":true,"href":"https:\/\/globalnewsmexico.com\/sitio\/wp-json\/wp\/v2\/categories?post=59961"},{"taxonomy":"post_tag","embeddable":true,"href":"https:\/\/globalnewsmexico.com\/sitio\/wp-json\/wp\/v2\/tags?post=59961"}],"curies":[{"name":"wp","href":"https:\/\/api.w.org\/{rel}","templated":true}]}}