{"id":59969,"date":"2021-01-13T10:37:45","date_gmt":"2021-01-13T16:37:45","guid":{"rendered":"http:\/\/globalnewsmexico.com\/sitio\/?p=59969"},"modified":"2021-01-13T10:37:58","modified_gmt":"2021-01-13T16:37:58","slug":"gobierno-alista-denuncia-por-abuso-en-contratos-de-servicio-a-penales","status":"publish","type":"post","link":"https:\/\/globalnewsmexico.com\/sitio\/gobierno-alista-denuncia-por-abuso-en-contratos-de-servicio-a-penales\/","title":{"rendered":"Gobierno alista denuncia por abuso en contratos de servicio a penales"},"content":{"rendered":"\n<p>El Gobierno buscar\u00e1 dialogar con proveedores de servicios a penales federales y, a la par, preparar\u00e1 una denuncia civil por abusos en los contratos de prestaci\u00f3n de servicios, se\u00f1al\u00f3 este mi\u00e9rcoles el presidente\u00a0Andr\u00e9s Manuel L\u00f3pez Obrador.<\/p>\n\n\n\n<p>\u00abHe dado instrucciones al consejero jur\u00eddico (Julio Scherer Ibarra) para que se act\u00fae en dos vertientes: (primero),\u00a0que se hable con los proveedores de estos servicios para que se llegue a un acuerdo, porque consideramos que es un abuso, y que si tienen voluntad de que haya un arreglo se debe lograr un acuerdo en beneficio de la Hacienda p\u00fablica\u00bb, apunt\u00f3.<\/p>\n\n\n\n<p>En segundo lugar, a\u00f1adi\u00f3, en paralelo, se empezar\u00e1 a elaborar una\u00a0denuncia civil\u00a0para cancelar los contratos por si no se alcanza un acuerdo.<\/p>\n\n\n\n<p>Durante la conferencia matutina, la secretaria de Seguridad y Protecci\u00f3n Ciudadana, Rosa Icela Rodr\u00edguez, expuso datos sobre los contratos que existen con los\u00a0ocho penales federales\u00a0del pa\u00eds, los cuales se encuentran en Sonora, Guanajuato, Oaxaca, Durango, Chiapas, el femenil de Morelos, Michoac\u00e1n y Coahuila.<\/p>\n\n\n\n<p>Estos ocho centros penitenciarios tienen un convenio con el Gobierno federal, el cual fue suscrito en siete de ellos el 27 de diciembre de 2010, y el de Oaxaca se suscribi\u00f3 el 18 de marzo de 2011, en ambos casos durante la administraci\u00f3n del exmandatario Felipe Calder\u00f3n, con Genaro Garc\u00eda Luna como secretario de Seguridad.<\/p>\n\n\n\n<p>\u00abEn los \u00faltimos nueve a\u00f1os, se est\u00e1 pagando un total de 75 mil 661 millones de pesos y es correspondiente solamente al 36 por ciento del pago total. A\u00fan hay un monto pendiente por pagar en los a\u00f1os siguientes de 190 mil 638 millones de pesos, que corresponder\u00e1 en algunos penales hasta el 2032 y en otros hasta el 2036 o 2037\u00bb, abund\u00f3 Rodr\u00edguez.<\/p>\n\n\n\n<p>En este sentido, el costo total proyectado a 20 a\u00f1os es de 266 mil 300 millones de pesos.<\/p>\n\n\n\n<div class=\"wp-block-image\"><figure class=\"aligncenter\"><img decoding=\"async\" src=\"https:\/\/i1.wp.com\/www.elfinanciero.com.mx\/uploads\/2021\/01\/13\/d494020ff81610547425.png?w=800&#038;ssl=1\" alt=\"Personas privadas de la libertad por penal.\" data-recalc-dims=\"1\"\/><\/figure><\/div>\n\n\n\n<p>Para ejemplificar el gasto por persona privada de la libertad (PPL), la funcionaria expuso el caso del penal de Sonora.<\/p>\n\n\n\n<p>En este, el total pagado en 2020 a empresas privadas fue de mil 819 millones de pesos por\u00a0mil 975 personas reclusas. Por cada una de ellas, se gasta 76 mil 758 pesos al mes y 2 mil 558 al d\u00eda.<\/p>\n\n\n\n<p>En tanto, en el penal femenil de Morelos, con\u00a0809 personas albergadas, el costo por a\u00f1o es de 2 millones 308 mil pesos, lo cual corresponde a\u00a0192 mil pesos por persona al mes y 6 mil 411 por cada una de ellas al d\u00eda.<\/p>\n\n\n\n<p>En la Ciudad de M\u00e9xico, el promedio por persona al d\u00eda en los penales capitalinos es de\u00a0500 pesos,\u00a0puntualiz\u00f3.<\/p>\n\n\n\n<p>Julio Scherer, consejero jur\u00eddico de la Presidencia, a\u00f1adi\u00f3 que estos contratos fueron entregados por adjudicaci\u00f3n directa y, de acuerdo con las cl\u00e1usulas, la vigencia de estos ser\u00e1 de 22 a\u00f1os.<\/p>\n\n\n\n<p>Fuente: El Financiero<\/p>\n","protected":false},"excerpt":{"rendered":"<p>El Gobierno buscar\u00e1 dialogar con proveedores de servicios a penales federales y, a la par, preparar\u00e1 una denuncia civil por abusos en los contratos de prestaci\u00f3n de servicios, se\u00f1al\u00f3 este mi\u00e9rcoles el presidente\u00a0Andr\u00e9s Manuel L\u00f3pez Obrador. \u00abHe dado instrucciones al consejero jur\u00eddico (Julio Scherer Ibarra) para que se act\u00fae en dos vertientes: (primero),\u00a0que se hable<a class=\"read-more\" href=\"https:\/\/globalnewsmexico.com\/sitio\/gobierno-alista-denuncia-por-abuso-en-contratos-de-servicio-a-penales\/\">Leer m\u00e1s<\/a><\/p>\n","protected":false},"author":5,"featured_media":41586,"comment_status":"closed","ping_status":"open","sticky":false,"template":"","format":"standard","meta":{"spay_email":"","footnotes":""},"categories":[37,8,39,52],"tags":[],"jetpack_featured_media_url":"https:\/\/i2.wp.com\/globalnewsmexico.com\/sitio\/wp-content\/uploads\/2020\/01\/penal-Cieneguillas-610x389.jpg?fit=1040%2C663&ssl=1","jetpack_sharing_enabled":true,"jetpack_shortlink":"https:\/\/wp.me\/p9yqPL-fBf","jetpack_likes_enabled":true,"_links":{"self":[{"href":"https:\/\/globalnewsmexico.com\/sitio\/wp-json\/wp\/v2\/posts\/59969"}],"collection":[{"href":"https:\/\/globalnewsmexico.com\/sitio\/wp-json\/wp\/v2\/posts"}],"about":[{"href":"https:\/\/globalnewsmexico.com\/sitio\/wp-json\/wp\/v2\/types\/post"}],"author":[{"embeddable":true,"href":"https:\/\/globalnewsmexico.com\/sitio\/wp-json\/wp\/v2\/users\/5"}],"replies":[{"embeddable":true,"href":"https:\/\/globalnewsmexico.com\/sitio\/wp-json\/wp\/v2\/comments?post=59969"}],"version-history":[{"count":0,"href":"https:\/\/globalnewsmexico.com\/sitio\/wp-json\/wp\/v2\/posts\/59969\/revisions"}],"wp:featuredmedia":[{"embeddable":true,"href":"https:\/\/globalnewsmexico.com\/sitio\/wp-json\/wp\/v2\/media\/41586"}],"wp:attachment":[{"href":"https:\/\/globalnewsmexico.com\/sitio\/wp-json\/wp\/v2\/media?parent=59969"}],"wp:term":[{"taxonomy":"category","embeddable":true,"href":"https:\/\/globalnewsmexico.com\/sitio\/wp-json\/wp\/v2\/categories?post=59969"},{"taxonomy":"post_tag","embeddable":true,"href":"https:\/\/globalnewsmexico.com\/sitio\/wp-json\/wp\/v2\/tags?post=59969"}],"curies":[{"name":"wp","href":"https:\/\/api.w.org\/{rel}","templated":true}]}}