{"id":59984,"date":"2021-01-13T13:22:00","date_gmt":"2021-01-13T19:22:00","guid":{"rendered":"http:\/\/globalnewsmexico.com\/sitio\/?p=59984"},"modified":"2021-01-13T13:22:10","modified_gmt":"2021-01-13T19:22:10","slug":"cdmx-registra-capacidad-hospitalaria-del-89-habilitaran-otras-120-camas","status":"publish","type":"post","link":"https:\/\/globalnewsmexico.com\/sitio\/cdmx-registra-capacidad-hospitalaria-del-89-habilitaran-otras-120-camas\/","title":{"rendered":"CDMX registra capacidad hospitalaria del 89 %; habilitar\u00e1n otras 120 camas"},"content":{"rendered":"\n<p>La\u00a0capacidad hospitalaria\u00a0por\u00a0Covid-19\u00a0en la\u00a0Ciudad de M\u00e9xico\u00a0se encuentra al\u00a089 por ciento\u00a0y se prepara la apertura de m\u00e1s camas, inform\u00f3 este mi\u00e9rcoles la jefa de Gobierno capitalino,\u00a0Claudia Sheinbaum.<\/p>\n\n\n\n<p>En conferencia de prensa, precis\u00f3 que los espacios se abrir\u00e1n en el\u00a0Hospital General de Tl\u00e1huac del Issste.<\/p>\n\n\n\n<p>\u00abEst\u00e1 en 89 por ciento la ocupaci\u00f3n.\u00a0Hoy se abren 120 camas\u00a0del Hospital General de Tl\u00e1huac del Issste\u00bb, se\u00f1al\u00f3.<\/p>\n\n\n\n<p>El\u00a07 de enero, Sheinbaum hab\u00eda mencionado que se\u00a0ampliar\u00eda la capacidad hospitalaria\u00a0en la capital del pa\u00eds, que en aquel momento se encontraba en\u00a086.31 por ciento.<\/p>\n\n\n\n<p>Hasta el martes, sumaban\u00a0135 mil 682 las personas fallecidas\u00a0por SARS-COV-2 en M\u00e9xico, as\u00ed como un mill\u00f3n 556 mil 28 casos acumulados, detall\u00f3 la Secretar\u00eda de Salud.<\/p>\n\n\n\n<p>Fuente: ContraR\u00e9plica<\/p>\n","protected":false},"excerpt":{"rendered":"<p>La\u00a0capacidad hospitalaria\u00a0por\u00a0Covid-19\u00a0en la\u00a0Ciudad de M\u00e9xico\u00a0se encuentra al\u00a089 por ciento\u00a0y se prepara la apertura de m\u00e1s camas, inform\u00f3 este mi\u00e9rcoles la jefa de Gobierno capitalino,\u00a0Claudia Sheinbaum. En conferencia de prensa, precis\u00f3 que los espacios se abrir\u00e1n en el\u00a0Hospital General de Tl\u00e1huac del Issste. \u00abEst\u00e1 en 89 por ciento la ocupaci\u00f3n.\u00a0Hoy se abren 120 camas\u00a0del Hospital General<a class=\"read-more\" href=\"https:\/\/globalnewsmexico.com\/sitio\/cdmx-registra-capacidad-hospitalaria-del-89-habilitaran-otras-120-camas\/\">Leer m\u00e1s<\/a><\/p>\n","protected":false},"author":5,"featured_media":59985,"comment_status":"closed","ping_status":"open","sticky":false,"template":"","format":"standard","meta":{"spay_email":"","footnotes":""},"categories":[37,8,49,52],"tags":[],"jetpack_featured_media_url":"https:\/\/i1.wp.com\/globalnewsmexico.com\/sitio\/wp-content\/uploads\/2021\/01\/coronavirus-m\u00e9xico.jpg?fit=1024%2C680&ssl=1","jetpack_sharing_enabled":true,"jetpack_shortlink":"https:\/\/wp.me\/p9yqPL-fBu","jetpack_likes_enabled":true,"_links":{"self":[{"href":"https:\/\/globalnewsmexico.com\/sitio\/wp-json\/wp\/v2\/posts\/59984"}],"collection":[{"href":"https:\/\/globalnewsmexico.com\/sitio\/wp-json\/wp\/v2\/posts"}],"about":[{"href":"https:\/\/globalnewsmexico.com\/sitio\/wp-json\/wp\/v2\/types\/post"}],"author":[{"embeddable":true,"href":"https:\/\/globalnewsmexico.com\/sitio\/wp-json\/wp\/v2\/users\/5"}],"replies":[{"embeddable":true,"href":"https:\/\/globalnewsmexico.com\/sitio\/wp-json\/wp\/v2\/comments?post=59984"}],"version-history":[{"count":0,"href":"https:\/\/globalnewsmexico.com\/sitio\/wp-json\/wp\/v2\/posts\/59984\/revisions"}],"wp:featuredmedia":[{"embeddable":true,"href":"https:\/\/globalnewsmexico.com\/sitio\/wp-json\/wp\/v2\/media\/59985"}],"wp:attachment":[{"href":"https:\/\/globalnewsmexico.com\/sitio\/wp-json\/wp\/v2\/media?parent=59984"}],"wp:term":[{"taxonomy":"category","embeddable":true,"href":"https:\/\/globalnewsmexico.com\/sitio\/wp-json\/wp\/v2\/categories?post=59984"},{"taxonomy":"post_tag","embeddable":true,"href":"https:\/\/globalnewsmexico.com\/sitio\/wp-json\/wp\/v2\/tags?post=59984"}],"curies":[{"name":"wp","href":"https:\/\/api.w.org\/{rel}","templated":true}]}}