{"id":59990,"date":"2021-01-13T15:06:43","date_gmt":"2021-01-13T21:06:43","guid":{"rendered":"http:\/\/globalnewsmexico.com\/sitio\/?p=59990"},"modified":"2021-01-13T15:06:48","modified_gmt":"2021-01-13T21:06:48","slug":"refuerzan-medidas-contra-el-covid-19-en-banderilla","status":"publish","type":"post","link":"https:\/\/globalnewsmexico.com\/sitio\/refuerzan-medidas-contra-el-covid-19-en-banderilla\/","title":{"rendered":"Refuerzan medidas contra el Covid-19 en Banderilla"},"content":{"rendered":"\n<p>El delegado de Transporte P\u00fablico en Banderilla, Jes\u00fas Rodr\u00edguez, inform\u00f3 que a partir de este mi\u00e9rcoles se reforzaron las medidas de protecci\u00f3n contra el Covid-19 en el municipio.<\/p>\n\n\n\n<p>Elementos de la Direcci\u00f3n General de Transporte del Estado implementaron un operativo para evitar el contagio.<\/p>\n\n\n\n<p>\u00abEl d\u00eda de hoy, elementos contin\u00faan con la entrega de cubrebocas, gel antibacterial a los conductores del servicio p\u00fablico urbano, suburbano y taxis, as\u00ed como a los usuarios\u201d, dijo.<\/p>\n\n\n\n<p>El operativo abarca los municipios de Banderilla, Jilotepec, Coacoatzitla, Naolinco y Rafael Lucio, para hacer un combate frontal contra el coronavirus.<\/p>\n\n\n\n<p>Para este jueves se continuar\u00e1 con la entrega de gel antibacterial y cubrebocas en los filtros instalados de manera itinerante en dichos municipios.<\/p>\n\n\n\n<p>En el operativo participan las \u00e1reas municipales de Protecci\u00f3n Civil Municipal y de la polic\u00eda municipal preventiva de Banderilla.<\/p>\n","protected":false},"excerpt":{"rendered":"<p>El delegado de Transporte P\u00fablico en Banderilla, Jes\u00fas Rodr\u00edguez, inform\u00f3 que a partir de este mi\u00e9rcoles se reforzaron las medidas de protecci\u00f3n contra el Covid-19 en el municipio. Elementos de la Direcci\u00f3n General de Transporte del Estado implementaron un operativo para evitar el contagio. \u00abEl d\u00eda de hoy, elementos contin\u00faan con la entrega de cubrebocas,<a class=\"read-more\" href=\"https:\/\/globalnewsmexico.com\/sitio\/refuerzan-medidas-contra-el-covid-19-en-banderilla\/\">Leer m\u00e1s<\/a><\/p>\n","protected":false},"author":5,"featured_media":59991,"comment_status":"closed","ping_status":"open","sticky":false,"template":"","format":"standard","meta":{"spay_email":"","footnotes":""},"categories":[37,8,50,52],"tags":[],"jetpack_featured_media_url":"https:\/\/i2.wp.com\/globalnewsmexico.com\/sitio\/wp-content\/uploads\/2021\/01\/b3a734a9-a9eb-4299-aaec-d5dc2fecb6a1.jpg?fit=1040%2C888&ssl=1","jetpack_sharing_enabled":true,"jetpack_shortlink":"https:\/\/wp.me\/p9yqPL-fBA","jetpack_likes_enabled":true,"_links":{"self":[{"href":"https:\/\/globalnewsmexico.com\/sitio\/wp-json\/wp\/v2\/posts\/59990"}],"collection":[{"href":"https:\/\/globalnewsmexico.com\/sitio\/wp-json\/wp\/v2\/posts"}],"about":[{"href":"https:\/\/globalnewsmexico.com\/sitio\/wp-json\/wp\/v2\/types\/post"}],"author":[{"embeddable":true,"href":"https:\/\/globalnewsmexico.com\/sitio\/wp-json\/wp\/v2\/users\/5"}],"replies":[{"embeddable":true,"href":"https:\/\/globalnewsmexico.com\/sitio\/wp-json\/wp\/v2\/comments?post=59990"}],"version-history":[{"count":0,"href":"https:\/\/globalnewsmexico.com\/sitio\/wp-json\/wp\/v2\/posts\/59990\/revisions"}],"wp:featuredmedia":[{"embeddable":true,"href":"https:\/\/globalnewsmexico.com\/sitio\/wp-json\/wp\/v2\/media\/59991"}],"wp:attachment":[{"href":"https:\/\/globalnewsmexico.com\/sitio\/wp-json\/wp\/v2\/media?parent=59990"}],"wp:term":[{"taxonomy":"category","embeddable":true,"href":"https:\/\/globalnewsmexico.com\/sitio\/wp-json\/wp\/v2\/categories?post=59990"},{"taxonomy":"post_tag","embeddable":true,"href":"https:\/\/globalnewsmexico.com\/sitio\/wp-json\/wp\/v2\/tags?post=59990"}],"curies":[{"name":"wp","href":"https:\/\/api.w.org\/{rel}","templated":true}]}}