{"id":60036,"date":"2021-01-14T14:38:14","date_gmt":"2021-01-14T20:38:14","guid":{"rendered":"http:\/\/globalnewsmexico.com\/sitio\/?p=60036"},"modified":"2021-01-14T14:38:22","modified_gmt":"2021-01-14T20:38:22","slug":"pan-en-cdmx-denuncia-a-sheinbaum-y-a-directora-del-metro-por-incendio","status":"publish","type":"post","link":"https:\/\/globalnewsmexico.com\/sitio\/pan-en-cdmx-denuncia-a-sheinbaum-y-a-directora-del-metro-por-incendio\/","title":{"rendered":"PAN en CDMX denuncia a Sheinbaum y a directora del Metro por incendio"},"content":{"rendered":"\n<p>El\u00a0Partido Acci\u00f3n Nacional\u00a0(PAN) en la Ciudad de M\u00e9xico\u00a0present\u00f3 una denuncia penal\u00a0contra la jefa de Gobierno,\u00a0Claudia Sheinbaum, y la directora del\u00a0Sistema de Transporte Colectivo Metro, Florencia Serran\u00eda, as\u00ed como contra quienes resulten responsables por el incendio que ocurri\u00f3 el s\u00e1bado en el Puesto 1 del Centro de Control &#8216;Buen Tono&#8217;.<\/p>\n\n\n\n<p>Andr\u00e9s Atayde,\u00a0presidente del PAN en la capital del pa\u00eds, detall\u00f3 que en la denuncia presentada ante la Fiscal\u00eda General de Justicia capitalina (FGJCDMX), se solicit\u00f3 a la autoridad realizar las diligencias necesarias para esclarecer el incendio ocurrido en las instalaciones del Metro y deslindar las responsabilidades correspondientes.<\/p>\n\n\n\n<p>Asimismo, pidi\u00f3 cuantificar la reparaci\u00f3n del da\u00f1o para la Ciudad de M\u00e9xico, as\u00ed como a todas las v\u00edctimas de los hechos presuntamente constitutivos de los delitos de homicidio, ejercicio ilegal y abandono del servicio p\u00fablico, uso ilegal de atribuciones y facultades, negaci\u00f3n del servicio p\u00fablico y los que resulten.<\/p>\n\n\n\n<p>\u00abLa funcionaria debe responsabilizarse por asumir funciones que no le compet\u00edan; homicidio, ejercicio ilegal de atribuciones y da\u00f1o a la propiedad de la Ciudad de M\u00e9xico, son algunos de los delitos que podr\u00edan configurarse\u00bb, se\u00f1al\u00f3 el l\u00edder del PAN.<\/p>\n\n\n\n<p>Atayde indic\u00f3 que la denuncia presenta como prueba videos y notas period\u00edsticas que dan cuenta de las omisiones en que han incurrido no solo la directora del Metro, por asumir una doble funci\u00f3n en el principal sistema de transporte de la capital, sino tambi\u00e9n de la jefa de Gobierno, por la decisi\u00f3n de recortar recursos para el mantenimiento del Complejo Delicias.<\/p>\n\n\n\n<p>Fuente: Milenio<\/p>\n","protected":false},"excerpt":{"rendered":"<p>El\u00a0Partido Acci\u00f3n Nacional\u00a0(PAN) en la Ciudad de M\u00e9xico\u00a0present\u00f3 una denuncia penal\u00a0contra la jefa de Gobierno,\u00a0Claudia Sheinbaum, y la directora del\u00a0Sistema de Transporte Colectivo Metro, Florencia Serran\u00eda, as\u00ed como contra quienes resulten responsables por el incendio que ocurri\u00f3 el s\u00e1bado en el Puesto 1 del Centro de Control &#8216;Buen Tono&#8217;. Andr\u00e9s Atayde,\u00a0presidente del PAN en la<a class=\"read-more\" href=\"https:\/\/globalnewsmexico.com\/sitio\/pan-en-cdmx-denuncia-a-sheinbaum-y-a-directora-del-metro-por-incendio\/\">Leer m\u00e1s<\/a><\/p>\n","protected":false},"author":5,"featured_media":60037,"comment_status":"closed","ping_status":"open","sticky":false,"template":"","format":"standard","meta":{"spay_email":"","footnotes":""},"categories":[37,8,49,52],"tags":[],"jetpack_featured_media_url":"https:\/\/i2.wp.com\/globalnewsmexico.com\/sitio\/wp-content\/uploads\/2021\/01\/pan-cdmx-denuncio-directora-metro.jpeg?fit=958%2C596&ssl=1","jetpack_sharing_enabled":true,"jetpack_shortlink":"https:\/\/wp.me\/p9yqPL-fCk","jetpack_likes_enabled":true,"_links":{"self":[{"href":"https:\/\/globalnewsmexico.com\/sitio\/wp-json\/wp\/v2\/posts\/60036"}],"collection":[{"href":"https:\/\/globalnewsmexico.com\/sitio\/wp-json\/wp\/v2\/posts"}],"about":[{"href":"https:\/\/globalnewsmexico.com\/sitio\/wp-json\/wp\/v2\/types\/post"}],"author":[{"embeddable":true,"href":"https:\/\/globalnewsmexico.com\/sitio\/wp-json\/wp\/v2\/users\/5"}],"replies":[{"embeddable":true,"href":"https:\/\/globalnewsmexico.com\/sitio\/wp-json\/wp\/v2\/comments?post=60036"}],"version-history":[{"count":0,"href":"https:\/\/globalnewsmexico.com\/sitio\/wp-json\/wp\/v2\/posts\/60036\/revisions"}],"wp:featuredmedia":[{"embeddable":true,"href":"https:\/\/globalnewsmexico.com\/sitio\/wp-json\/wp\/v2\/media\/60037"}],"wp:attachment":[{"href":"https:\/\/globalnewsmexico.com\/sitio\/wp-json\/wp\/v2\/media?parent=60036"}],"wp:term":[{"taxonomy":"category","embeddable":true,"href":"https:\/\/globalnewsmexico.com\/sitio\/wp-json\/wp\/v2\/categories?post=60036"},{"taxonomy":"post_tag","embeddable":true,"href":"https:\/\/globalnewsmexico.com\/sitio\/wp-json\/wp\/v2\/tags?post=60036"}],"curies":[{"name":"wp","href":"https:\/\/api.w.org\/{rel}","templated":true}]}}