{"id":60061,"date":"2021-01-15T09:07:18","date_gmt":"2021-01-15T15:07:18","guid":{"rendered":"http:\/\/globalnewsmexico.com\/sitio\/?p=60061"},"modified":"2021-01-15T09:07:51","modified_gmt":"2021-01-15T15:07:51","slug":"amlo-acusa-a-dea-de-fabricar-delitos-contra-cienfuegos","status":"publish","type":"post","link":"https:\/\/globalnewsmexico.com\/sitio\/amlo-acusa-a-dea-de-fabricar-delitos-contra-cienfuegos\/","title":{"rendered":"AMLO acusa a DEA de fabricar delitos contra Cienfuegos"},"content":{"rendered":"\n<p>El presidente Andr\u00e9s Manuel L\u00f3pez Obrador respald\u00f3 este viernes&nbsp;la decisi\u00f3n de la Fiscal\u00eda General de la Rep\u00fablica (FGR), de no ejercer acci\u00f3n penal contra el&nbsp;general&nbsp;Salvador Cienfuegos Zepeda y acus\u00f3 a la DEA de fabricarle delitos.<\/p>\n\n\n\n<p>En su conferencia de prensa ma\u00f1anera, el mandatario dijo que\u00a0\u00abes una decisi\u00f3n que toma la Fiscal\u00eda, pero que\u00a0el Gobierno que represento secunda, es decir, avala, respalda, porque nosotros sostenemos que debe de terminarse la impunidad, desde luego la corrupci\u00f3n, pero tambi\u00e9n que no pueden haber represalias, venganzas, y que no se pueden inventar delitos\u00bb.<\/p>\n\n\n\n<p>Asimismo, el presidente detall\u00f3 que \u00abayer resuelve la Fiscal\u00eda que no procede la acusaci\u00f3n que se le fabric\u00f3 al general Cienfuegos por la agencia estadounidense encargada del combate a las drogas, por la DEA\u00bb.<\/p>\n\n\n\n<p>Aunado a esto, L\u00f3pez Obrador dio instrucciones para que la Secretar\u00eda de Relaciones Exteriores, \u00ablo m\u00e1s pronto posible\u00bb, difunda el expediente completo que envi\u00f3 el gobierno de Estados Unidos a M\u00e9xico sobre el caso de Salvador Cienfuegos.<\/p>\n\n\n\n<p>En la ma\u00f1anera, el mandatario federal ley\u00f3 el comunicado emitido por la Fiscal\u00eda General de la Rep\u00fablica.<\/p>\n\n\n\n<p>A continuaci\u00f3n el comunicado completo:<\/p>\n\n\n\n<p>Desde el a\u00f1o 2013, durante la administraci\u00f3n gubernamental pasada en M\u00e9xico, la Agencia Antidrogas de los Estados Unidos de Am\u00e9rica (DEA), inici\u00f3 sin el conocimiento y sin la colaboraci\u00f3n de dicha administraci\u00f3n mexicana, una investigaci\u00f3n de delitos contra la salud, en donde se involucraba al entonces Secretario de la Defensa Nacional, General de Divisi\u00f3n Salvador Cienfuegos Zepeda.&nbsp;<\/p>\n\n\n\n<p>Esa investigaci\u00f3n la continu\u00f3 ese organismo que combate a las drogas en el gobierno norteamericano, durante la presente administraci\u00f3n, sin haber tampoco informado a las autoridades mexicanas sobre el caso.&nbsp;&nbsp;<\/p>\n\n\n\n<p>El 15 de octubre de 2020, agentes policiacos de ese organismo norteamericano detuvieron al General mexicano Salvador Cienfuegos Zepeda, en el aeropuerto de la ciudad de Los \u00c1ngeles, California, sujet\u00e1ndolo a proceso, por delitos contra la salud y lavado de dinero.&nbsp;<\/p>\n\n\n\n<p>Despu\u00e9s de cinco semanas de haber sido detenido el General Cienfuegos, el Departamento de Justicia de los Estados Unidos de Norteam\u00e9rica le solicit\u00f3 a la Jueza que conoci\u00f3 del caso en ese pa\u00eds, que desestimara los cargos en contra de dicha persona; y la Jueza Federal correspondiente estim\u00f3 procedente tal petici\u00f3n.&nbsp;<\/p>\n\n\n\n<p>Durante el lapso de su detenci\u00f3n, y despu\u00e9s de haber sido ya informada sobre el procedimiento, la Fiscal\u00eda General de la Rep\u00fablica (FGR), solicit\u00f3 y recibi\u00f3 las pruebas que enviaron las autoridades norteamericanas respecto a ese caso.<\/p>\n\n\n\n<p>El 18 de noviembre de 2020, el General Cienfuegos fue entregado por las autoridades norteamericanas, al Ministerio P\u00fablico Federal (MPF) mexicano, que sujet\u00f3 al procedimiento legal correspondiente a dicha persona, respetando su derecho constitucional a la presunci\u00f3n de inocencia, en raz\u00f3n de que los cargos en su contra hab\u00edan sido desestimados por las autoridades norteamericanas y la investigaci\u00f3n en M\u00e9xico se encontraba en su fase inicial.&nbsp;&nbsp;<\/p>\n\n\n\n<p>El 9 de enero de 2021, el se\u00f1or General Cienfuegos conoci\u00f3 las imputaciones hechas por las autoridades norteamericanas, as\u00ed como las investigaciones realizadas por la Fiscal\u00eda General de la Rep\u00fablica en el caso, teniendo acceso a todo el expediente, como corresponde a esa fase procesal.&nbsp;&nbsp;<\/p>\n\n\n\n<p>A partir de esa fecha, dicha persona ha aportado sus elementos de prueba; y la Fiscal\u00eda General de la Rep\u00fablica llev\u00f3 a cabo todas las acciones necesarias para obtener las evidencias indispensables en este caso.&nbsp;&nbsp;<\/p>\n\n\n\n<p>Del an\u00e1lisis correspondiente, se lleg\u00f3 a la conclusi\u00f3n de que el General Salvador Cienfuegos Zepeda nunca tuvo encuentro alguno con los integrantes de la organizaci\u00f3n delictiva investigada por las autoridades norteamericanas; y tampoco sostuvo comunicaci\u00f3n alguna con ellos, ni realiz\u00f3 actos tendientes a proteger o ayudar a dichos individuos.&nbsp;<\/p>\n\n\n\n<p>Tampoco se encontr\u00f3 prueba alguna de que hubiera utilizado ning\u00fan equipo o medio electr\u00f3nico, ni que hubiera emitido orden alguna para favorecer al grupo delictivo se\u00f1alado en este caso.&nbsp;&nbsp;<\/p>\n\n\n\n<p>Del an\u00e1lisis de su situaci\u00f3n patrimonial y el cumplimiento de sus obligaciones fiscales, no apareci\u00f3 dato alguno o s\u00edntoma de obtenci\u00f3n de ingresos ilegales o acrecentamiento de su patrimonio fuera de lo normal, de acuerdo con sus percepciones en el servicio p\u00fablico.&nbsp;&nbsp;&nbsp;&nbsp;&nbsp;&nbsp;&nbsp;&nbsp;&nbsp;&nbsp;&nbsp;&nbsp;&nbsp;&nbsp;&nbsp;&nbsp;&nbsp;&nbsp;&nbsp;&nbsp;&nbsp;&nbsp;&nbsp;&nbsp;&nbsp;&nbsp;&nbsp;&nbsp;<\/p>\n\n\n\n<p>Por los motivos anteriores, y con base en los razonamientos y pruebas en la carpeta correspondiente, la Fiscal\u00eda General de la Rep\u00fablica, a trav\u00e9s de la Subprocuradur\u00eda Especializada en Investigaci\u00f3n de Delincuencia Organizada (SEIDO), ha determinado el no ejercicio de la acci\u00f3n penal, en favor del General Salvador Cienfuegos Zepeda.<\/p>\n\n\n\n<p>Fuente: Xeu Noticias<\/p>\n","protected":false},"excerpt":{"rendered":"<p>El presidente Andr\u00e9s Manuel L\u00f3pez Obrador respald\u00f3 este viernes&nbsp;la decisi\u00f3n de la Fiscal\u00eda General de la Rep\u00fablica (FGR), de no ejercer acci\u00f3n penal contra el&nbsp;general&nbsp;Salvador Cienfuegos Zepeda y acus\u00f3 a la DEA de fabricarle delitos. En su conferencia de prensa ma\u00f1anera, el mandatario dijo que\u00a0\u00abes una decisi\u00f3n que toma la Fiscal\u00eda, pero que\u00a0el Gobierno que<a class=\"read-more\" href=\"https:\/\/globalnewsmexico.com\/sitio\/amlo-acusa-a-dea-de-fabricar-delitos-contra-cienfuegos\/\">Leer m\u00e1s<\/a><\/p>\n","protected":false},"author":5,"featured_media":60062,"comment_status":"closed","ping_status":"open","sticky":false,"template":"","format":"standard","meta":{"spay_email":"","footnotes":""},"categories":[37,8,39,52],"tags":[],"jetpack_featured_media_url":"https:\/\/i0.wp.com\/globalnewsmexico.com\/sitio\/wp-content\/uploads\/2021\/01\/1139545.jpg?fit=1024%2C567&ssl=1","jetpack_sharing_enabled":true,"jetpack_shortlink":"https:\/\/wp.me\/p9yqPL-fCJ","jetpack_likes_enabled":true,"_links":{"self":[{"href":"https:\/\/globalnewsmexico.com\/sitio\/wp-json\/wp\/v2\/posts\/60061"}],"collection":[{"href":"https:\/\/globalnewsmexico.com\/sitio\/wp-json\/wp\/v2\/posts"}],"about":[{"href":"https:\/\/globalnewsmexico.com\/sitio\/wp-json\/wp\/v2\/types\/post"}],"author":[{"embeddable":true,"href":"https:\/\/globalnewsmexico.com\/sitio\/wp-json\/wp\/v2\/users\/5"}],"replies":[{"embeddable":true,"href":"https:\/\/globalnewsmexico.com\/sitio\/wp-json\/wp\/v2\/comments?post=60061"}],"version-history":[{"count":0,"href":"https:\/\/globalnewsmexico.com\/sitio\/wp-json\/wp\/v2\/posts\/60061\/revisions"}],"wp:featuredmedia":[{"embeddable":true,"href":"https:\/\/globalnewsmexico.com\/sitio\/wp-json\/wp\/v2\/media\/60062"}],"wp:attachment":[{"href":"https:\/\/globalnewsmexico.com\/sitio\/wp-json\/wp\/v2\/media?parent=60061"}],"wp:term":[{"taxonomy":"category","embeddable":true,"href":"https:\/\/globalnewsmexico.com\/sitio\/wp-json\/wp\/v2\/categories?post=60061"},{"taxonomy":"post_tag","embeddable":true,"href":"https:\/\/globalnewsmexico.com\/sitio\/wp-json\/wp\/v2\/tags?post=60061"}],"curies":[{"name":"wp","href":"https:\/\/api.w.org\/{rel}","templated":true}]}}