{"id":60128,"date":"2021-01-16T13:33:08","date_gmt":"2021-01-16T19:33:08","guid":{"rendered":"http:\/\/globalnewsmexico.com\/sitio\/?p=60128"},"modified":"2021-01-16T13:33:19","modified_gmt":"2021-01-16T19:33:19","slug":"mexico-tiene-trato-especial-para-conseguir-vacunas-afirma-amlo","status":"publish","type":"post","link":"https:\/\/globalnewsmexico.com\/sitio\/mexico-tiene-trato-especial-para-conseguir-vacunas-afirma-amlo\/","title":{"rendered":"M\u00e9xico tiene trato especial para conseguir vacunas, afirma AMLO"},"content":{"rendered":"\n<p>El presidente Andr\u00e9s Manuel L\u00f3pez Obrador asegur\u00f3 que M\u00e9xico posee consideraciones especiales para conseguir la vacuna contra el Covid-19; prueba de ello, dijo, es que es el pa\u00eds\u00a0con mayor n\u00famero de dosis aplicadas en Latinoam\u00e9rica.<\/p>\n\n\n\n<p>\u201cM\u00e9xico, por tener muy buenas relaciones con otros pueblos y otros gobiernos del mundo, tiene una atenci\u00f3n especial, por eso nos han llegado vacunas. En Am\u00e9rica Latina somos el pa\u00eds que m\u00e1s vacunas hemos aplicado, pero nos falta, estamos comenzando\u201d, coment\u00f3.<\/p>\n\n\n\n<p>Durante la supervisi\u00f3n del programa Sembrando Vida en Petatl\u00e1n, Guerrero, el mandatario se\u00f1al\u00f3 que la compra de vacunas\u00a0representa una inversi\u00f3n de m\u00e1s de 32 mil millones de pesos, la cual se inici\u00f3 desde el a\u00f1o pasado.<\/p>\n\n\n\n<p>L\u00f3pez Obrador destac\u00f3 el desempe\u00f1o de la comunidad cient\u00edfica en el mundo, resaltando que\u00a0en muy poco tiempo se logr\u00f3 desarrollar una vacuna para enfrentar al virus. Ahora que se cuenta con una variedad de opciones del ant\u00edgeno, el problema ser\u00e1 la disponibilidad de \u00e9ste.<\/p>\n\n\n\n<p>\u201cEs un asunto de disponibilidad de la vacuna, porque en todo el mundo hay afectaciones y todos estamos pidiendo a las empresas farmac\u00e9uticas, a laboratorios, a los gobiernos que cuentan con las vacunas, estamos solicitando que nos manden las dosis suficientes\u201d, explic\u00f3.<\/p>\n\n\n\n<p>Reiter\u00f3 que\u00a0en M\u00e9xico ya se cuenta con la vacuna de Pfizer\u00a0y se ha iniciado una campa\u00f1a de inoculaci\u00f3n a nivel nacional, pero sostuvo que se llevan a cabo m\u00faltiples esfuerzos\u00a0para contar con un mayor n\u00famero de opciones.<\/p>\n\n\n\n<p>\u201cYa comenzamos con los m\u00e9dicos, espero que, en dos semanas, en 15 d\u00edas,\u00a0tres semanas cuando mucho, terminemos de vacunar\u00a0en todos los hospitales covid-19\u201d, indic\u00f3.<\/p>\n\n\n\n<p>Al mismo tiempo, hizo un llamado a la poblaci\u00f3n para continuar con las medidas sanitarias y prevenir contagios de coronavirus, pues junto con las vacunas, \u201ces\u00a0lo \u00fanico que puede ayudarnos a enfrentar en definitiva la pandemia\u201d.<\/p>\n\n\n\n<p>Fuente: Milenio<\/p>\n","protected":false},"excerpt":{"rendered":"<p>El presidente Andr\u00e9s Manuel L\u00f3pez Obrador asegur\u00f3 que M\u00e9xico posee consideraciones especiales para conseguir la vacuna contra el Covid-19; prueba de ello, dijo, es que es el pa\u00eds\u00a0con mayor n\u00famero de dosis aplicadas en Latinoam\u00e9rica. \u201cM\u00e9xico, por tener muy buenas relaciones con otros pueblos y otros gobiernos del mundo, tiene una atenci\u00f3n especial, por eso<a class=\"read-more\" href=\"https:\/\/globalnewsmexico.com\/sitio\/mexico-tiene-trato-especial-para-conseguir-vacunas-afirma-amlo\/\">Leer m\u00e1s<\/a><\/p>\n","protected":false},"author":5,"featured_media":60129,"comment_status":"closed","ping_status":"open","sticky":false,"template":"","format":"standard","meta":{"spay_email":"","footnotes":""},"categories":[37,8,39,52],"tags":[],"jetpack_featured_media_url":"https:\/\/i0.wp.com\/globalnewsmexico.com\/sitio\/wp-content\/uploads\/2021\/01\/lopez-obrador-recorrio-plantaciones-funcionarios_0_0_1200_747.jpg?fit=958%2C596&ssl=1","jetpack_sharing_enabled":true,"jetpack_shortlink":"https:\/\/wp.me\/p9yqPL-fDO","jetpack_likes_enabled":true,"_links":{"self":[{"href":"https:\/\/globalnewsmexico.com\/sitio\/wp-json\/wp\/v2\/posts\/60128"}],"collection":[{"href":"https:\/\/globalnewsmexico.com\/sitio\/wp-json\/wp\/v2\/posts"}],"about":[{"href":"https:\/\/globalnewsmexico.com\/sitio\/wp-json\/wp\/v2\/types\/post"}],"author":[{"embeddable":true,"href":"https:\/\/globalnewsmexico.com\/sitio\/wp-json\/wp\/v2\/users\/5"}],"replies":[{"embeddable":true,"href":"https:\/\/globalnewsmexico.com\/sitio\/wp-json\/wp\/v2\/comments?post=60128"}],"version-history":[{"count":0,"href":"https:\/\/globalnewsmexico.com\/sitio\/wp-json\/wp\/v2\/posts\/60128\/revisions"}],"wp:featuredmedia":[{"embeddable":true,"href":"https:\/\/globalnewsmexico.com\/sitio\/wp-json\/wp\/v2\/media\/60129"}],"wp:attachment":[{"href":"https:\/\/globalnewsmexico.com\/sitio\/wp-json\/wp\/v2\/media?parent=60128"}],"wp:term":[{"taxonomy":"category","embeddable":true,"href":"https:\/\/globalnewsmexico.com\/sitio\/wp-json\/wp\/v2\/categories?post=60128"},{"taxonomy":"post_tag","embeddable":true,"href":"https:\/\/globalnewsmexico.com\/sitio\/wp-json\/wp\/v2\/tags?post=60128"}],"curies":[{"name":"wp","href":"https:\/\/api.w.org\/{rel}","templated":true}]}}